{"id":8208,"date":"2017-09-05T10:58:33","date_gmt":"2017-09-05T08:58:33","guid":{"rendered":"https:\/\/www.kurjerzy.pl\/blog\/?p=8208"},"modified":"2025-06-12T12:52:58","modified_gmt":"2025-06-12T10:52:58","slug":"przesylki-zagraniczne-eksport-z-polski-rosnie","status":"publish","type":"post","link":"https:\/\/www.kurjerzy.pl\/blog\/logistyka-w-eccommerce\/przesylki-zagraniczne-eksport-z-polski-rosnie\/","title":{"rendered":"Przesy\u0142ki zagraniczne &#8211; eksport z Polski ro\u015bnie"},"content":{"rendered":"<p class=\"introduction\">Po s\u0142abym roku 2016 roku, eksport towar\u00f3w z Polski wreszcie ruszy\u0142. Szczeg\u00f3lnie chodzi tu o \u017cywno\u015b\u0107, w I kwartale 2017 roku uda\u0142o si\u0119 wyeksportowa\u0107 produkty warte 6,3 mld euro.<\/p>\n<p>Nasze towary s\u0105 konkurencyjne cenowo i zachowuj\u0105 przy tym dobr\u0105 jako\u015b\u0107. Popularne jest szczeg\u00f3lnie mi\u0119so, zbo\u017ca i produkty mleczarskie. Odbiorcami polskich produkt\u00f3w nadal s\u0105 g\u0142\u00f3wnie Niemcy oraz pa\u0144stwa Europy \u015arodkowej i Wschodniej. Ze wzgl\u0119du na zlokalizowane w kraju liczne fabryki cz\u0119\u015bci elektronicznych oraz motoryzacyjnych, jeste\u015bmy jednym z wi\u0119kszych eksporter\u00f3w tych element\u00f3w w Europie.<\/p>\n<p>W 2016 roku zanotowano (wg danych GUS) niewielki wzrost eksportu 2,3% oraz importu 0,9%. W bie\u017c\u0105cym roku sytuacja powinna wygl\u0105da\u0107 znacznie lepiej. Oczekuje si\u0119, \u017ce rok 2017 b\u0119dzie sprzyja\u0142 wymianie handlowej. Ma to by\u0107 wynikiem poprawy sytuacji gospodarki \u015bwiatowej i globalnego handlu oraz przyspieszenia obrot\u00f3w, a tak\u017ce inwestycji w Unii Europejskiej. To kraje UE s\u0105 naszym najwi\u0119kszym partnerem, zar\u00f3wno je\u015bli chodzi o eksport jak i import.<\/p>\n<p>W 2017 roku nadziej\u0119 pok\u0142ada si\u0119 zw\u0142aszcza w polskim imporcie, niekoniecznie w eksporcie. Wszystko za spraw\u0105 zwi\u0119kszenia inwestycji i rosn\u0105cej konsumpcji, co b\u0119dzie sprzyja\u0142o sprowadzaniu produkt\u00f3w z zagranicy.<\/p>\n<p>Dane: GUS<\/p>\n","protected":false},"excerpt":{"rendered":"<p>Po s\u0142abym roku 2016 roku, eksport towar\u00f3w z Polski wreszcie ruszy\u0142. Szczeg\u00f3lnie chodzi tu o \u017cywno\u015b\u0107, w I kwartale 2017 roku uda\u0142o si\u0119 wyeksportowa\u0107 produkty warte 6,3 mld euro. Nasze towary s\u0105 konkurencyjne cenowo i zachowuj\u0105 przy tym dobr\u0105 jako\u015b\u0107. Popularne jest szczeg\u00f3lnie mi\u0119so, zbo\u017ca i produkty mleczarskie. Odbiorcami polskich produkt\u00f3w nadal s\u0105 g\u0142\u00f3wnie Niemcy &#8230;<\/p>\n","protected":false},"author":3,"featured_media":8285,"comment_status":"open","ping_status":"open","sticky":false,"template":"","format":"standard","meta":{"footnotes":""},"categories":[2527],"tags":[10,1098],"class_list":["post-8208","post","type-post","status-publish","format-standard","has-post-thumbnail","hentry","category-logistyka-w-eccommerce","tag-eksport","tag-przesylki-zagraniczne"],"yoast_head":"<!-- This site is optimized with the Yoast SEO plugin v26.7 - https:\/\/yoast.com\/wordpress\/plugins\/seo\/ -->\n<title>Przesy\u0142ki zagraniczne - eksport z Polski ro\u015bnie | KurJerzy.pl<\/title>\n<meta name=\"description\" content=\"Przesy\u0142ki zagraniczne - eksport z Polski ro\u015bnie. Po s\u0142abym roku 2016 roku, eksport towar\u00f3w z Polski wreszcie ruszy\u0142. Szczeg\u00f3lnie chodzi tu o \u017cywno\u015b\u0107, w...\" \/>\n<meta name=\"robots\" content=\"index, follow, max-snippet:-1, max-image-preview:large, max-video-preview:-1\" \/>\n<link rel=\"canonical\" href=\"https:\/\/www.kurjerzy.pl\/blog\/logistyka-w-eccommerce\/przesylki-zagraniczne-eksport-z-polski-rosnie\/\" \/>\n<meta property=\"og:locale\" content=\"pl_PL\" \/>\n<meta property=\"og:type\" content=\"article\" \/>\n<meta property=\"og:title\" content=\"Przesy\u0142ki zagraniczne - eksport z Polski ro\u015bnie | KurJerzy.pl\" \/>\n<meta property=\"og:description\" content=\"Przesy\u0142ki zagraniczne - eksport z Polski ro\u015bnie. Po s\u0142abym roku 2016 roku, eksport towar\u00f3w z Polski wreszcie ruszy\u0142. Szczeg\u00f3lnie chodzi tu o \u017cywno\u015b\u0107, w...\" \/>\n<meta property=\"og:url\" content=\"https:\/\/www.kurjerzy.pl\/blog\/logistyka-w-eccommerce\/przesylki-zagraniczne-eksport-z-polski-rosnie\/\" \/>\n<meta property=\"og:site_name\" content=\"KurJerzy.pl | Blog KurJerzy.pl\" \/>\n<meta property=\"article:publisher\" content=\"https:\/\/www.facebook.com\/KurJerzy\" \/>\n<meta property=\"article:published_time\" content=\"2017-09-05T08:58:33+00:00\" \/>\n<meta property=\"article:modified_time\" content=\"2025-06-12T10:52:58+00:00\" \/>\n<meta property=\"og:image\" content=\"https:\/\/www.kurjerzy.pl\/blog\/wp-content\/uploads\/2017\/05\/blog_375.jpg\" \/>\n\t<meta property=\"og:image:width\" content=\"800\" \/>\n\t<meta property=\"og:image:height\" content=\"600\" \/>\n\t<meta property=\"og:image:type\" content=\"image\/jpeg\" \/>\n<meta name=\"author\" content=\"Katarzyna Dworakowska\" \/>\n<meta name=\"twitter:card\" content=\"summary_large_image\" \/>\n<meta name=\"twitter:label1\" content=\"Napisane przez\" \/>\n\t<meta name=\"twitter:data1\" content=\"Katarzyna Dworakowska\" \/>\n\t<meta name=\"twitter:label2\" content=\"Szacowany czas czytania\" \/>\n\t<meta name=\"twitter:data2\" content=\"1 minuta\" \/>\n<script type=\"application\/ld+json\" class=\"yoast-schema-graph\">{\"@context\":\"https:\/\/schema.org\",\"@graph\":[{\"@type\":\"Article\",\"@id\":\"https:\/\/www.kurjerzy.pl\/blog\/logistyka-w-eccommerce\/przesylki-zagraniczne-eksport-z-polski-rosnie\/#article\",\"isPartOf\":{\"@id\":\"https:\/\/www.kurjerzy.pl\/blog\/logistyka-w-eccommerce\/przesylki-zagraniczne-eksport-z-polski-rosnie\/\"},\"author\":{\"name\":\"Katarzyna Dworakowska\",\"@id\":\"https:\/\/www.kurjerzy.pl\/blog\/#\/schema\/person\/160d97b3f9af9546a6b0ec664a44fb70\"},\"headline\":\"Przesy\u0142ki zagraniczne &#8211; eksport z Polski ro\u015bnie\",\"datePublished\":\"2017-09-05T08:58:33+00:00\",\"dateModified\":\"2025-06-12T10:52:58+00:00\",\"mainEntityOfPage\":{\"@id\":\"https:\/\/www.kurjerzy.pl\/blog\/logistyka-w-eccommerce\/przesylki-zagraniczne-eksport-z-polski-rosnie\/\"},\"wordCount\":210,\"commentCount\":0,\"image\":{\"@id\":\"https:\/\/www.kurjerzy.pl\/blog\/logistyka-w-eccommerce\/przesylki-zagraniczne-eksport-z-polski-rosnie\/#primaryimage\"},\"thumbnailUrl\":\"https:\/\/www.kurjerzy.pl\/blog\/wp-content\/uploads\/2017\/05\/blog_375.jpg\",\"keywords\":[\"eksport\",\"przesy\u0142ki zagraniczne\"],\"articleSection\":[\"Logistyka w e-commerce\"],\"inLanguage\":\"pl-PL\",\"potentialAction\":[{\"@type\":\"CommentAction\",\"name\":\"Comment\",\"target\":[\"https:\/\/www.kurjerzy.pl\/blog\/logistyka-w-eccommerce\/przesylki-zagraniczne-eksport-z-polski-rosnie\/#respond\"]}]},{\"@type\":\"WebPage\",\"@id\":\"https:\/\/www.kurjerzy.pl\/blog\/logistyka-w-eccommerce\/przesylki-zagraniczne-eksport-z-polski-rosnie\/\",\"url\":\"https:\/\/www.kurjerzy.pl\/blog\/logistyka-w-eccommerce\/przesylki-zagraniczne-eksport-z-polski-rosnie\/\",\"name\":\"Przesy\u0142ki zagraniczne - eksport z Polski ro\u015bnie | KurJerzy.pl\",\"isPartOf\":{\"@id\":\"https:\/\/www.kurjerzy.pl\/blog\/#website\"},\"primaryImageOfPage\":{\"@id\":\"https:\/\/www.kurjerzy.pl\/blog\/logistyka-w-eccommerce\/przesylki-zagraniczne-eksport-z-polski-rosnie\/#primaryimage\"},\"image\":{\"@id\":\"https:\/\/www.kurjerzy.pl\/blog\/logistyka-w-eccommerce\/przesylki-zagraniczne-eksport-z-polski-rosnie\/#primaryimage\"},\"thumbnailUrl\":\"https:\/\/www.kurjerzy.pl\/blog\/wp-content\/uploads\/2017\/05\/blog_375.jpg\",\"datePublished\":\"2017-09-05T08:58:33+00:00\",\"dateModified\":\"2025-06-12T10:52:58+00:00\",\"author\":{\"@id\":\"https:\/\/www.kurjerzy.pl\/blog\/#\/schema\/person\/160d97b3f9af9546a6b0ec664a44fb70\"},\"description\":\"Przesy\u0142ki zagraniczne - eksport z Polski ro\u015bnie. Po s\u0142abym roku 2016 roku, eksport towar\u00f3w z Polski wreszcie ruszy\u0142. Szczeg\u00f3lnie chodzi tu o \u017cywno\u015b\u0107, w...\",\"breadcrumb\":{\"@id\":\"https:\/\/www.kurjerzy.pl\/blog\/logistyka-w-eccommerce\/przesylki-zagraniczne-eksport-z-polski-rosnie\/#breadcrumb\"},\"inLanguage\":\"pl-PL\",\"potentialAction\":[{\"@type\":\"ReadAction\",\"target\":[\"https:\/\/www.kurjerzy.pl\/blog\/logistyka-w-eccommerce\/przesylki-zagraniczne-eksport-z-polski-rosnie\/\"]}]},{\"@type\":\"ImageObject\",\"inLanguage\":\"pl-PL\",\"@id\":\"https:\/\/www.kurjerzy.pl\/blog\/logistyka-w-eccommerce\/przesylki-zagraniczne-eksport-z-polski-rosnie\/#primaryimage\",\"url\":\"https:\/\/www.kurjerzy.pl\/blog\/wp-content\/uploads\/2017\/05\/blog_375.jpg\",\"contentUrl\":\"https:\/\/www.kurjerzy.pl\/blog\/wp-content\/uploads\/2017\/05\/blog_375.jpg\",\"width\":800,\"height\":600,\"caption\":\"Przesy\u0142ki zagraniczne\"},{\"@type\":\"BreadcrumbList\",\"@id\":\"https:\/\/www.kurjerzy.pl\/blog\/logistyka-w-eccommerce\/przesylki-zagraniczne-eksport-z-polski-rosnie\/#breadcrumb\",\"itemListElement\":[{\"@type\":\"ListItem\",\"position\":1,\"name\":\"Strona g\u0142\u00f3wna\",\"item\":\"https:\/\/www.kurjerzy.pl\/blog\/\"},{\"@type\":\"ListItem\",\"position\":2,\"name\":\"Przesy\u0142ki zagraniczne &#8211; eksport z Polski ro\u015bnie\"}]},{\"@type\":\"WebSite\",\"@id\":\"https:\/\/www.kurjerzy.pl\/blog\/#website\",\"url\":\"https:\/\/www.kurjerzy.pl\/blog\/\",\"name\":\"KurJerzy.pl | Blog KurJerzy.pl\",\"description\":\"Blog - Przesy\u0142ki i firmy kurierskie\",\"potentialAction\":[{\"@type\":\"SearchAction\",\"target\":{\"@type\":\"EntryPoint\",\"urlTemplate\":\"https:\/\/www.kurjerzy.pl\/blog\/?s={search_term_string}\"},\"query-input\":{\"@type\":\"PropertyValueSpecification\",\"valueRequired\":true,\"valueName\":\"search_term_string\"}}],\"inLanguage\":\"pl-PL\"},{\"@type\":\"Person\",\"@id\":\"https:\/\/www.kurjerzy.pl\/blog\/#\/schema\/person\/160d97b3f9af9546a6b0ec664a44fb70\",\"name\":\"Katarzyna Dworakowska\",\"image\":{\"@type\":\"ImageObject\",\"inLanguage\":\"pl-PL\",\"@id\":\"https:\/\/www.kurjerzy.pl\/blog\/#\/schema\/person\/image\/\",\"url\":\"https:\/\/www.kurjerzy.pl\/blog\/wp-content\/uploads\/2015\/09\/Katarzyna-150x150.jpg\",\"contentUrl\":\"https:\/\/www.kurjerzy.pl\/blog\/wp-content\/uploads\/2015\/09\/Katarzyna-150x150.jpg\",\"caption\":\"Katarzyna Dworakowska\"},\"description\":\"Od kilku lat pracuj\u0119 w bran\u017cy kurierskiej. Nie s\u0105 mi obce poj\u0119cia i problemy zwi\u0105zane z logistyk\u0105, transportem oraz spedycj\u0105, dlatego b\u0119d\u0119 stara\u0142a si\u0119 je przybli\u017cy\u0107 na tym blogu. Ca\u0142y czas odkrywam nowe tematy, kt\u00f3rymi b\u0119d\u0119 si\u0119 z Wami dzieli\u0142a, zapraszam wi\u0119c do poczytania ciekawostek z bran\u017cy. W wolnych chwilach lubi\u0119 podr\u00f3\u017cowa\u0107 po Polsce i \u015bwiecie, a podczas kr\u00f3tszych wycieczek zwiedza\u0107 okolic\u0119 na rowerze. Mi\u0142o\u015bnikom dw\u00f3ch k\u00f3\u0142ek polecam \u017bu\u0142awy, moje rodzinne tereny.\",\"url\":\"https:\/\/www.kurjerzy.pl\/blog\/author\/katarzynadworakowska\/\"}]}<\/script>\n<!-- \/ Yoast SEO plugin. -->","yoast_head_json":{"title":"Przesy\u0142ki zagraniczne - eksport z Polski ro\u015bnie | KurJerzy.pl","description":"Przesy\u0142ki zagraniczne - eksport z Polski ro\u015bnie. Po s\u0142abym roku 2016 roku, eksport towar\u00f3w z Polski wreszcie ruszy\u0142. Szczeg\u00f3lnie chodzi tu o \u017cywno\u015b\u0107, w...","robots":{"index":"index","follow":"follow","max-snippet":"max-snippet:-1","max-image-preview":"max-image-preview:large","max-video-preview":"max-video-preview:-1"},"canonical":"https:\/\/www.kurjerzy.pl\/blog\/logistyka-w-eccommerce\/przesylki-zagraniczne-eksport-z-polski-rosnie\/","og_locale":"pl_PL","og_type":"article","og_title":"Przesy\u0142ki zagraniczne - eksport z Polski ro\u015bnie | KurJerzy.pl","og_description":"Przesy\u0142ki zagraniczne - eksport z Polski ro\u015bnie. Po s\u0142abym roku 2016 roku, eksport towar\u00f3w z Polski wreszcie ruszy\u0142. Szczeg\u00f3lnie chodzi tu o \u017cywno\u015b\u0107, w...","og_url":"https:\/\/www.kurjerzy.pl\/blog\/logistyka-w-eccommerce\/przesylki-zagraniczne-eksport-z-polski-rosnie\/","og_site_name":"KurJerzy.pl | Blog KurJerzy.pl","article_publisher":"https:\/\/www.facebook.com\/KurJerzy","article_published_time":"2017-09-05T08:58:33+00:00","article_modified_time":"2025-06-12T10:52:58+00:00","og_image":[{"width":800,"height":600,"url":"https:\/\/www.kurjerzy.pl\/blog\/wp-content\/uploads\/2017\/05\/blog_375.jpg","type":"image\/jpeg"}],"author":"Katarzyna Dworakowska","twitter_card":"summary_large_image","twitter_misc":{"Napisane przez":"Katarzyna Dworakowska","Szacowany czas czytania":"1 minuta"},"schema":{"@context":"https:\/\/schema.org","@graph":[{"@type":"Article","@id":"https:\/\/www.kurjerzy.pl\/blog\/logistyka-w-eccommerce\/przesylki-zagraniczne-eksport-z-polski-rosnie\/#article","isPartOf":{"@id":"https:\/\/www.kurjerzy.pl\/blog\/logistyka-w-eccommerce\/przesylki-zagraniczne-eksport-z-polski-rosnie\/"},"author":{"name":"Katarzyna Dworakowska","@id":"https:\/\/www.kurjerzy.pl\/blog\/#\/schema\/person\/160d97b3f9af9546a6b0ec664a44fb70"},"headline":"Przesy\u0142ki zagraniczne &#8211; eksport z Polski ro\u015bnie","datePublished":"2017-09-05T08:58:33+00:00","dateModified":"2025-06-12T10:52:58+00:00","mainEntityOfPage":{"@id":"https:\/\/www.kurjerzy.pl\/blog\/logistyka-w-eccommerce\/przesylki-zagraniczne-eksport-z-polski-rosnie\/"},"wordCount":210,"commentCount":0,"image":{"@id":"https:\/\/www.kurjerzy.pl\/blog\/logistyka-w-eccommerce\/przesylki-zagraniczne-eksport-z-polski-rosnie\/#primaryimage"},"thumbnailUrl":"https:\/\/www.kurjerzy.pl\/blog\/wp-content\/uploads\/2017\/05\/blog_375.jpg","keywords":["eksport","przesy\u0142ki zagraniczne"],"articleSection":["Logistyka w e-commerce"],"inLanguage":"pl-PL","potentialAction":[{"@type":"CommentAction","name":"Comment","target":["https:\/\/www.kurjerzy.pl\/blog\/logistyka-w-eccommerce\/przesylki-zagraniczne-eksport-z-polski-rosnie\/#respond"]}]},{"@type":"WebPage","@id":"https:\/\/www.kurjerzy.pl\/blog\/logistyka-w-eccommerce\/przesylki-zagraniczne-eksport-z-polski-rosnie\/","url":"https:\/\/www.kurjerzy.pl\/blog\/logistyka-w-eccommerce\/przesylki-zagraniczne-eksport-z-polski-rosnie\/","name":"Przesy\u0142ki zagraniczne - eksport z Polski ro\u015bnie | KurJerzy.pl","isPartOf":{"@id":"https:\/\/www.kurjerzy.pl\/blog\/#website"},"primaryImageOfPage":{"@id":"https:\/\/www.kurjerzy.pl\/blog\/logistyka-w-eccommerce\/przesylki-zagraniczne-eksport-z-polski-rosnie\/#primaryimage"},"image":{"@id":"https:\/\/www.kurjerzy.pl\/blog\/logistyka-w-eccommerce\/przesylki-zagraniczne-eksport-z-polski-rosnie\/#primaryimage"},"thumbnailUrl":"https:\/\/www.kurjerzy.pl\/blog\/wp-content\/uploads\/2017\/05\/blog_375.jpg","datePublished":"2017-09-05T08:58:33+00:00","dateModified":"2025-06-12T10:52:58+00:00","author":{"@id":"https:\/\/www.kurjerzy.pl\/blog\/#\/schema\/person\/160d97b3f9af9546a6b0ec664a44fb70"},"description":"Przesy\u0142ki zagraniczne - eksport z Polski ro\u015bnie. Po s\u0142abym roku 2016 roku, eksport towar\u00f3w z Polski wreszcie ruszy\u0142. Szczeg\u00f3lnie chodzi tu o \u017cywno\u015b\u0107, w...","breadcrumb":{"@id":"https:\/\/www.kurjerzy.pl\/blog\/logistyka-w-eccommerce\/przesylki-zagraniczne-eksport-z-polski-rosnie\/#breadcrumb"},"inLanguage":"pl-PL","potentialAction":[{"@type":"ReadAction","target":["https:\/\/www.kurjerzy.pl\/blog\/logistyka-w-eccommerce\/przesylki-zagraniczne-eksport-z-polski-rosnie\/"]}]},{"@type":"ImageObject","inLanguage":"pl-PL","@id":"https:\/\/www.kurjerzy.pl\/blog\/logistyka-w-eccommerce\/przesylki-zagraniczne-eksport-z-polski-rosnie\/#primaryimage","url":"https:\/\/www.kurjerzy.pl\/blog\/wp-content\/uploads\/2017\/05\/blog_375.jpg","contentUrl":"https:\/\/www.kurjerzy.pl\/blog\/wp-content\/uploads\/2017\/05\/blog_375.jpg","width":800,"height":600,"caption":"Przesy\u0142ki zagraniczne"},{"@type":"BreadcrumbList","@id":"https:\/\/www.kurjerzy.pl\/blog\/logistyka-w-eccommerce\/przesylki-zagraniczne-eksport-z-polski-rosnie\/#breadcrumb","itemListElement":[{"@type":"ListItem","position":1,"name":"Strona g\u0142\u00f3wna","item":"https:\/\/www.kurjerzy.pl\/blog\/"},{"@type":"ListItem","position":2,"name":"Przesy\u0142ki zagraniczne &#8211; eksport z Polski ro\u015bnie"}]},{"@type":"WebSite","@id":"https:\/\/www.kurjerzy.pl\/blog\/#website","url":"https:\/\/www.kurjerzy.pl\/blog\/","name":"KurJerzy.pl | Blog KurJerzy.pl","description":"Blog - Przesy\u0142ki i firmy kurierskie","potentialAction":[{"@type":"SearchAction","target":{"@type":"EntryPoint","urlTemplate":"https:\/\/www.kurjerzy.pl\/blog\/?s={search_term_string}"},"query-input":{"@type":"PropertyValueSpecification","valueRequired":true,"valueName":"search_term_string"}}],"inLanguage":"pl-PL"},{"@type":"Person","@id":"https:\/\/www.kurjerzy.pl\/blog\/#\/schema\/person\/160d97b3f9af9546a6b0ec664a44fb70","name":"Katarzyna Dworakowska","image":{"@type":"ImageObject","inLanguage":"pl-PL","@id":"https:\/\/www.kurjerzy.pl\/blog\/#\/schema\/person\/image\/","url":"https:\/\/www.kurjerzy.pl\/blog\/wp-content\/uploads\/2015\/09\/Katarzyna-150x150.jpg","contentUrl":"https:\/\/www.kurjerzy.pl\/blog\/wp-content\/uploads\/2015\/09\/Katarzyna-150x150.jpg","caption":"Katarzyna Dworakowska"},"description":"Od kilku lat pracuj\u0119 w bran\u017cy kurierskiej. Nie s\u0105 mi obce poj\u0119cia i problemy zwi\u0105zane z logistyk\u0105, transportem oraz spedycj\u0105, dlatego b\u0119d\u0119 stara\u0142a si\u0119 je przybli\u017cy\u0107 na tym blogu. Ca\u0142y czas odkrywam nowe tematy, kt\u00f3rymi b\u0119d\u0119 si\u0119 z Wami dzieli\u0142a, zapraszam wi\u0119c do poczytania ciekawostek z bran\u017cy. W wolnych chwilach lubi\u0119 podr\u00f3\u017cowa\u0107 po Polsce i \u015bwiecie, a podczas kr\u00f3tszych wycieczek zwiedza\u0107 okolic\u0119 na rowerze. Mi\u0142o\u015bnikom dw\u00f3ch k\u00f3\u0142ek polecam \u017bu\u0142awy, moje rodzinne tereny.","url":"https:\/\/www.kurjerzy.pl\/blog\/author\/katarzynadworakowska\/"}]}},"_links":{"self":[{"href":"https:\/\/www.kurjerzy.pl\/blog\/wp-json\/wp\/v2\/posts\/8208","targetHints":{"allow":["GET"]}}],"collection":[{"href":"https:\/\/www.kurjerzy.pl\/blog\/wp-json\/wp\/v2\/posts"}],"about":[{"href":"https:\/\/www.kurjerzy.pl\/blog\/wp-json\/wp\/v2\/types\/post"}],"author":[{"embeddable":true,"href":"https:\/\/www.kurjerzy.pl\/blog\/wp-json\/wp\/v2\/users\/3"}],"replies":[{"embeddable":true,"href":"https:\/\/www.kurjerzy.pl\/blog\/wp-json\/wp\/v2\/comments?post=8208"}],"version-history":[{"count":10,"href":"https:\/\/www.kurjerzy.pl\/blog\/wp-json\/wp\/v2\/posts\/8208\/revisions"}],"predecessor-version":[{"id":20904,"href":"https:\/\/www.kurjerzy.pl\/blog\/wp-json\/wp\/v2\/posts\/8208\/revisions\/20904"}],"wp:featuredmedia":[{"embeddable":true,"href":"https:\/\/www.kurjerzy.pl\/blog\/wp-json\/wp\/v2\/media\/8285"}],"wp:attachment":[{"href":"https:\/\/www.kurjerzy.pl\/blog\/wp-json\/wp\/v2\/media?parent=8208"}],"wp:term":[{"taxonomy":"category","embeddable":true,"href":"https:\/\/www.kurjerzy.pl\/blog\/wp-json\/wp\/v2\/categories?post=8208"},{"taxonomy":"post_tag","embeddable":true,"href":"https:\/\/www.kurjerzy.pl\/blog\/wp-json\/wp\/v2\/tags?post=8208"}],"curies":[{"name":"wp","href":"https:\/\/api.w.org\/{rel}","templated":true}]}}