{"id":7536,"date":"2017-01-12T09:49:34","date_gmt":"2017-01-12T08:49:34","guid":{"rendered":"https:\/\/www.kurjerzy.pl\/blog\/?p=7536"},"modified":"2025-07-29T12:20:01","modified_gmt":"2025-07-29T10:20:01","slug":"paczka-do-melilly","status":"publish","type":"post","link":"https:\/\/www.kurjerzy.pl\/blog\/przesylki-kurierskie\/paczka-do-melilly\/","title":{"rendered":"Paczka do Melilly"},"content":{"rendered":"<h2>Paczka do Melilly<\/h2>\n<p>Melilla to miasto, jednostka administracyjna Hiszpanii w p\u00f3\u0142nocnej Afryce. Znajduje si\u0119 na wschodnim wybrze\u017cu Maroka. Gospodarka oparta jest na rybo\u0142\u00f3wstwie. Miasto ma r\u00f3wnie\u017c w\u0142asny port lotniczy i baz\u0119 wojskow\u0105. Powierzchni\u0119 kraju 12,3\u00a0km\u00b2 zamieszkuje ponad 70 tys. mieszka\u0144c\u00f3w.<\/p>\n<p>Z nadaniem paczki do tego regionu nie b\u0119dzie problemu dzi\u0119ki pomocy firm kurierskich. Na stronie <a href=\"https:\/\/www.kurjerzy.pl\">KurJerzy.pl<\/a> nale\u017cy jedynie zg\u0142osi\u0107 ch\u0119\u0107 nadania przesy\u0142ki w formularzu zam\u00f3wienia online lub telefonicznie. Kurier przyjedzie po paczk\u0119, zabierze j\u0105 i dostarczy do odbiorcy. Bez wychodzenia z domu wszystkie formalno\u015bci mo\u017cna b\u0119dzie za\u0142atwi\u0107 bez wi\u0119kszych problem\u00f3w. Przesy\u0142ki zagraniczne mog\u0105 zosta\u0107 nadane zar\u00f3wno przez osoby prywatne, jak i przez firmy.<\/p>\n<p>Aby paczka do Melilly zosta\u0142a dostarczona terminowo, nale\u017cy skorzysta\u0107 z us\u0142ug firmy kurierskiej UPS. Cennik zosta\u0142 przedstawiony poni\u017cej:<\/p>\n<div id=\"pricelist_wholes\">\n<table class=\"tab zagraniczne\" border=\"1\" cellspacing=\"0\" cellpadding=\"0\">\n<tbody>\n<tr>\n<td class=\"no-border\" colspan=\"2\"><\/td>\n<td class=\"courier no-border\" colspan=\"2\"><\/td>\n<td class=\"courier no-border\" colspan=\"2\"><\/td>\n<\/tr>\n<tr style=\"border: none;\">\n<td class=\"no-border\"><\/td>\n<td style=\"text-align: center; width: 126px;\">WAGA [kg]<\/td>\n<td style=\"text-align: center;\" colspan=\"4\">CENA [PLN]<\/td>\n<\/tr>\n<tr style=\"border: none;\">\n<td class=\"type\">KOPERTA<\/td>\n<td class=\"weight\">do 1<\/td>\n<td class=\"price\">125,08<\/td>\n<td class=\"price gray\">153,85<\/td>\n<td class=\"price\">&#8211;<\/td>\n<td class=\"price gray\">&#8211;<\/td>\n<\/tr>\n<tr>\n<td class=\"type\" rowspan=\"4\">PACZKA<\/td>\n<td class=\"weight\">do 5<\/td>\n<td class=\"price\">347,61<\/td>\n<td class=\"price gray\">427,56<\/td>\n<td class=\"price\">&#8211;<\/td>\n<td class=\"price gray\">&#8211;<\/td>\n<\/tr>\n<tr>\n<td class=\"weight\">do 10<\/td>\n<td class=\"price\">468,59<\/td>\n<td class=\"price gray\">576,37<\/td>\n<td class=\"price\">&#8211;<\/td>\n<td class=\"price gray\">&#8211;<\/td>\n<\/tr>\n<tr>\n<td class=\"weight\">do 20<\/td>\n<td class=\"price\">585,21<\/td>\n<td class=\"price gray\">719,81<\/td>\n<td class=\"price\">&#8211;<\/td>\n<td class=\"price gray\">&#8211;<\/td>\n<\/tr>\n<tr>\n<td class=\"weight\">do 30<\/td>\n<td class=\"price\">716,82<\/td>\n<td class=\"price gray\">881,69<\/td>\n<td class=\"price\">&#8211;<\/td>\n<td class=\"price gray\">&#8211;<\/td>\n<\/tr>\n<\/tbody>\n<\/table>\n<\/div>\n<p><strong>Kod pocztowy<\/strong><br \/>\nKod pocztowy do Melilly sk\u0142ada si\u0119 z pi\u0119ciu cyfr. Przyk\u0142adem jest 52000 Melilla.<\/p>\n<p><strong>Czego nie nale\u017cy przesy\u0142a\u0107?<\/strong><br \/>\nIstnieje lista przedmiot\u00f3w zabronionych w transporcie, z kt\u00f3r\u0105 nale\u017cy zapozna\u0107 si\u0119 przed nadaniem paczki. S\u0105 to produkty, kt\u00f3re stanowi\u0105 zagro\u017cenie dla ludzi i \u015brodowiska w przypadku uszkodzenia. Firmy kurierskie dzia\u0142aj\u0105ce zgodnie z obowi\u0105zuj\u0105cymi przepisami nie zgadzaj\u0105 si\u0119 na ich transport. Mo\u017cemy z tak\u0105 list\u0105 zapozna\u0107 si\u0119 na ich stronach firm. Zawiera ona np. takie produkty, jak artyku\u0142y szybko psuj\u0105ce si\u0119, alkohol, antyki, leki, papiery warto\u015bciowe, ro\u015bliny \u017cywe, materia\u0142y i przedmioty wybuchowe oraz \u0142atwopalne, truj\u0105ce, p\u0142yny itp.<\/p>\n<p>Firmy kurierskie\u00a0s\u0105 zobowi\u0105zane\u00a0przestrzega\u0107 zasad bezpiecze\u0144stwa transportu lotniczego (IATA) oraz przepis\u00f3w dotycz\u0105cych transportu drogowego zawartych w Konwencji CMR, a tak\u017ce\u00a0norm celnych. Dodatkowo ka\u017cdy kraj mo\u017ce nie przyjmowa\u0107 tak\u017ce innych produkt\u00f3w, zabronionych w imporcie na podstawie w\u0142asnych przepis\u00f3w.<\/p>\n<p><strong>Co najcz\u0119\u015bciej jest przesy\u0142ane?<\/strong><br \/>\nZ Polski do Melilly najcz\u0119\u015bciej przesy\u0142a si\u0119:<\/p>\n<ul>\n<li>Komputery<\/li>\n<li>Odzie\u017c<\/li>\n<li>Sprz\u0119t elektroniczny<\/li>\n<li>Dokumenty<\/li>\n<\/ul>\n<p>Wyce\u0144 przesy\u0142ki zagraniczne &#8211; <a href=\"https:\/\/www.kurjerzy.pl\/paczka-do-melilly\/145\">paczka do Melilly<\/a>.<\/p>\n","protected":false},"excerpt":{"rendered":"<p>Paczka do Melilly Melilla to miasto, jednostka administracyjna Hiszpanii w p\u00f3\u0142nocnej Afryce. Znajduje si\u0119 na wschodnim wybrze\u017cu Maroka. Gospodarka oparta jest na rybo\u0142\u00f3wstwie. Miasto ma r\u00f3wnie\u017c w\u0142asny port lotniczy i baz\u0119 wojskow\u0105. Powierzchni\u0119 kraju 12,3\u00a0km\u00b2 zamieszkuje ponad 70 tys. mieszka\u0144c\u00f3w. Z nadaniem paczki do tego regionu nie b\u0119dzie problemu dzi\u0119ki pomocy firm kurierskich. Na stronie &#8230;<\/p>\n","protected":false},"author":3,"featured_media":7560,"comment_status":"open","ping_status":"open","sticky":false,"template":"","format":"standard","meta":{"footnotes":""},"categories":[160],"tags":[1416,1098],"class_list":["post-7536","post","type-post","status-publish","format-standard","has-post-thumbnail","hentry","category-przesylki-kurierskie","tag-melilli","tag-przesylki-zagraniczne"],"yoast_head":"<!-- This site is optimized with the Yoast SEO plugin v26.7 - https:\/\/yoast.com\/wordpress\/plugins\/seo\/ -->\n<title>Paczka do Melilly | KurJerzy.pl<\/title>\n<meta name=\"description\" content=\"Paczka do Melilly. Melilla to miasto, jednostka administracyjna Hiszpanii w p\u00f3\u0142nocnej Afryce. Znajduje si\u0119 na wschodnim wybrze\u017cu Maroka. Gospodarka oparta\" \/>\n<meta name=\"robots\" content=\"index, follow, max-snippet:-1, max-image-preview:large, max-video-preview:-1\" \/>\n<link rel=\"canonical\" href=\"https:\/\/www.kurjerzy.pl\/blog\/przesylki-kurierskie\/paczka-do-melilly\/\" \/>\n<meta property=\"og:locale\" content=\"pl_PL\" \/>\n<meta property=\"og:type\" content=\"article\" \/>\n<meta property=\"og:title\" content=\"Paczka do Melilly | KurJerzy.pl\" \/>\n<meta property=\"og:description\" content=\"Paczka do Melilly. Melilla to miasto, jednostka administracyjna Hiszpanii w p\u00f3\u0142nocnej Afryce. Znajduje si\u0119 na wschodnim wybrze\u017cu Maroka. Gospodarka oparta\" \/>\n<meta property=\"og:url\" content=\"https:\/\/www.kurjerzy.pl\/blog\/przesylki-kurierskie\/paczka-do-melilly\/\" \/>\n<meta property=\"og:site_name\" content=\"KurJerzy.pl | Blog KurJerzy.pl\" \/>\n<meta property=\"article:publisher\" content=\"https:\/\/www.facebook.com\/KurJerzy\" \/>\n<meta property=\"article:published_time\" content=\"2017-01-12T08:49:34+00:00\" \/>\n<meta property=\"article:modified_time\" content=\"2025-07-29T10:20:01+00:00\" \/>\n<meta property=\"og:image\" content=\"https:\/\/www.kurjerzy.pl\/blog\/wp-content\/uploads\/2017\/01\/blog_274_Melilla.jpg\" \/>\n\t<meta property=\"og:image:width\" content=\"800\" \/>\n\t<meta property=\"og:image:height\" content=\"600\" \/>\n\t<meta property=\"og:image:type\" content=\"image\/jpeg\" \/>\n<meta name=\"author\" content=\"Katarzyna Dworakowska\" \/>\n<meta name=\"twitter:card\" content=\"summary_large_image\" \/>\n<meta name=\"twitter:label1\" content=\"Napisane przez\" \/>\n\t<meta name=\"twitter:data1\" content=\"Katarzyna Dworakowska\" \/>\n\t<meta name=\"twitter:label2\" content=\"Szacowany czas czytania\" \/>\n\t<meta name=\"twitter:data2\" content=\"3 minuty\" \/>\n<script type=\"application\/ld+json\" class=\"yoast-schema-graph\">{\"@context\":\"https:\/\/schema.org\",\"@graph\":[{\"@type\":\"Article\",\"@id\":\"https:\/\/www.kurjerzy.pl\/blog\/przesylki-kurierskie\/paczka-do-melilly\/#article\",\"isPartOf\":{\"@id\":\"https:\/\/www.kurjerzy.pl\/blog\/przesylki-kurierskie\/paczka-do-melilly\/\"},\"author\":{\"name\":\"Katarzyna Dworakowska\",\"@id\":\"https:\/\/www.kurjerzy.pl\/blog\/#\/schema\/person\/160d97b3f9af9546a6b0ec664a44fb70\"},\"headline\":\"Paczka do Melilly\",\"datePublished\":\"2017-01-12T08:49:34+00:00\",\"dateModified\":\"2025-07-29T10:20:01+00:00\",\"mainEntityOfPage\":{\"@id\":\"https:\/\/www.kurjerzy.pl\/blog\/przesylki-kurierskie\/paczka-do-melilly\/\"},\"wordCount\":365,\"commentCount\":0,\"image\":{\"@id\":\"https:\/\/www.kurjerzy.pl\/blog\/przesylki-kurierskie\/paczka-do-melilly\/#primaryimage\"},\"thumbnailUrl\":\"https:\/\/www.kurjerzy.pl\/blog\/wp-content\/uploads\/2017\/01\/blog_274_Melilla.jpg\",\"keywords\":[\"melilli\",\"przesy\u0142ki zagraniczne\"],\"articleSection\":[\"Przesy\u0142ki kurierskie\"],\"inLanguage\":\"pl-PL\",\"potentialAction\":[{\"@type\":\"CommentAction\",\"name\":\"Comment\",\"target\":[\"https:\/\/www.kurjerzy.pl\/blog\/przesylki-kurierskie\/paczka-do-melilly\/#respond\"]}]},{\"@type\":\"WebPage\",\"@id\":\"https:\/\/www.kurjerzy.pl\/blog\/przesylki-kurierskie\/paczka-do-melilly\/\",\"url\":\"https:\/\/www.kurjerzy.pl\/blog\/przesylki-kurierskie\/paczka-do-melilly\/\",\"name\":\"Paczka do Melilly | KurJerzy.pl\",\"isPartOf\":{\"@id\":\"https:\/\/www.kurjerzy.pl\/blog\/#website\"},\"primaryImageOfPage\":{\"@id\":\"https:\/\/www.kurjerzy.pl\/blog\/przesylki-kurierskie\/paczka-do-melilly\/#primaryimage\"},\"image\":{\"@id\":\"https:\/\/www.kurjerzy.pl\/blog\/przesylki-kurierskie\/paczka-do-melilly\/#primaryimage\"},\"thumbnailUrl\":\"https:\/\/www.kurjerzy.pl\/blog\/wp-content\/uploads\/2017\/01\/blog_274_Melilla.jpg\",\"datePublished\":\"2017-01-12T08:49:34+00:00\",\"dateModified\":\"2025-07-29T10:20:01+00:00\",\"author\":{\"@id\":\"https:\/\/www.kurjerzy.pl\/blog\/#\/schema\/person\/160d97b3f9af9546a6b0ec664a44fb70\"},\"description\":\"Paczka do Melilly. Melilla to miasto, jednostka administracyjna Hiszpanii w p\u00f3\u0142nocnej Afryce. Znajduje si\u0119 na wschodnim wybrze\u017cu Maroka. Gospodarka oparta\",\"breadcrumb\":{\"@id\":\"https:\/\/www.kurjerzy.pl\/blog\/przesylki-kurierskie\/paczka-do-melilly\/#breadcrumb\"},\"inLanguage\":\"pl-PL\",\"potentialAction\":[{\"@type\":\"ReadAction\",\"target\":[\"https:\/\/www.kurjerzy.pl\/blog\/przesylki-kurierskie\/paczka-do-melilly\/\"]}]},{\"@type\":\"ImageObject\",\"inLanguage\":\"pl-PL\",\"@id\":\"https:\/\/www.kurjerzy.pl\/blog\/przesylki-kurierskie\/paczka-do-melilly\/#primaryimage\",\"url\":\"https:\/\/www.kurjerzy.pl\/blog\/wp-content\/uploads\/2017\/01\/blog_274_Melilla.jpg\",\"contentUrl\":\"https:\/\/www.kurjerzy.pl\/blog\/wp-content\/uploads\/2017\/01\/blog_274_Melilla.jpg\",\"width\":800,\"height\":600,\"caption\":\"Paczka do Melilly\"},{\"@type\":\"BreadcrumbList\",\"@id\":\"https:\/\/www.kurjerzy.pl\/blog\/przesylki-kurierskie\/paczka-do-melilly\/#breadcrumb\",\"itemListElement\":[{\"@type\":\"ListItem\",\"position\":1,\"name\":\"Strona g\u0142\u00f3wna\",\"item\":\"https:\/\/www.kurjerzy.pl\/blog\/\"},{\"@type\":\"ListItem\",\"position\":2,\"name\":\"Paczka do Melilly\"}]},{\"@type\":\"WebSite\",\"@id\":\"https:\/\/www.kurjerzy.pl\/blog\/#website\",\"url\":\"https:\/\/www.kurjerzy.pl\/blog\/\",\"name\":\"KurJerzy.pl | Blog KurJerzy.pl\",\"description\":\"Blog - Przesy\u0142ki i firmy kurierskie\",\"potentialAction\":[{\"@type\":\"SearchAction\",\"target\":{\"@type\":\"EntryPoint\",\"urlTemplate\":\"https:\/\/www.kurjerzy.pl\/blog\/?s={search_term_string}\"},\"query-input\":{\"@type\":\"PropertyValueSpecification\",\"valueRequired\":true,\"valueName\":\"search_term_string\"}}],\"inLanguage\":\"pl-PL\"},{\"@type\":\"Person\",\"@id\":\"https:\/\/www.kurjerzy.pl\/blog\/#\/schema\/person\/160d97b3f9af9546a6b0ec664a44fb70\",\"name\":\"Katarzyna Dworakowska\",\"image\":{\"@type\":\"ImageObject\",\"inLanguage\":\"pl-PL\",\"@id\":\"https:\/\/www.kurjerzy.pl\/blog\/#\/schema\/person\/image\/\",\"url\":\"https:\/\/www.kurjerzy.pl\/blog\/wp-content\/uploads\/2015\/09\/Katarzyna-150x150.jpg\",\"contentUrl\":\"https:\/\/www.kurjerzy.pl\/blog\/wp-content\/uploads\/2015\/09\/Katarzyna-150x150.jpg\",\"caption\":\"Katarzyna Dworakowska\"},\"description\":\"Od kilku lat pracuj\u0119 w bran\u017cy kurierskiej. Nie s\u0105 mi obce poj\u0119cia i problemy zwi\u0105zane z logistyk\u0105, transportem oraz spedycj\u0105, dlatego b\u0119d\u0119 stara\u0142a si\u0119 je przybli\u017cy\u0107 na tym blogu. Ca\u0142y czas odkrywam nowe tematy, kt\u00f3rymi b\u0119d\u0119 si\u0119 z Wami dzieli\u0142a, zapraszam wi\u0119c do poczytania ciekawostek z bran\u017cy. W wolnych chwilach lubi\u0119 podr\u00f3\u017cowa\u0107 po Polsce i \u015bwiecie, a podczas kr\u00f3tszych wycieczek zwiedza\u0107 okolic\u0119 na rowerze. Mi\u0142o\u015bnikom dw\u00f3ch k\u00f3\u0142ek polecam \u017bu\u0142awy, moje rodzinne tereny.\",\"url\":\"https:\/\/www.kurjerzy.pl\/blog\/author\/katarzynadworakowska\/\"}]}<\/script>\n<!-- \/ Yoast SEO plugin. -->","yoast_head_json":{"title":"Paczka do Melilly | KurJerzy.pl","description":"Paczka do Melilly. Melilla to miasto, jednostka administracyjna Hiszpanii w p\u00f3\u0142nocnej Afryce. Znajduje si\u0119 na wschodnim wybrze\u017cu Maroka. Gospodarka oparta","robots":{"index":"index","follow":"follow","max-snippet":"max-snippet:-1","max-image-preview":"max-image-preview:large","max-video-preview":"max-video-preview:-1"},"canonical":"https:\/\/www.kurjerzy.pl\/blog\/przesylki-kurierskie\/paczka-do-melilly\/","og_locale":"pl_PL","og_type":"article","og_title":"Paczka do Melilly | KurJerzy.pl","og_description":"Paczka do Melilly. Melilla to miasto, jednostka administracyjna Hiszpanii w p\u00f3\u0142nocnej Afryce. Znajduje si\u0119 na wschodnim wybrze\u017cu Maroka. Gospodarka oparta","og_url":"https:\/\/www.kurjerzy.pl\/blog\/przesylki-kurierskie\/paczka-do-melilly\/","og_site_name":"KurJerzy.pl | Blog KurJerzy.pl","article_publisher":"https:\/\/www.facebook.com\/KurJerzy","article_published_time":"2017-01-12T08:49:34+00:00","article_modified_time":"2025-07-29T10:20:01+00:00","og_image":[{"width":800,"height":600,"url":"https:\/\/www.kurjerzy.pl\/blog\/wp-content\/uploads\/2017\/01\/blog_274_Melilla.jpg","type":"image\/jpeg"}],"author":"Katarzyna Dworakowska","twitter_card":"summary_large_image","twitter_misc":{"Napisane przez":"Katarzyna Dworakowska","Szacowany czas czytania":"3 minuty"},"schema":{"@context":"https:\/\/schema.org","@graph":[{"@type":"Article","@id":"https:\/\/www.kurjerzy.pl\/blog\/przesylki-kurierskie\/paczka-do-melilly\/#article","isPartOf":{"@id":"https:\/\/www.kurjerzy.pl\/blog\/przesylki-kurierskie\/paczka-do-melilly\/"},"author":{"name":"Katarzyna Dworakowska","@id":"https:\/\/www.kurjerzy.pl\/blog\/#\/schema\/person\/160d97b3f9af9546a6b0ec664a44fb70"},"headline":"Paczka do Melilly","datePublished":"2017-01-12T08:49:34+00:00","dateModified":"2025-07-29T10:20:01+00:00","mainEntityOfPage":{"@id":"https:\/\/www.kurjerzy.pl\/blog\/przesylki-kurierskie\/paczka-do-melilly\/"},"wordCount":365,"commentCount":0,"image":{"@id":"https:\/\/www.kurjerzy.pl\/blog\/przesylki-kurierskie\/paczka-do-melilly\/#primaryimage"},"thumbnailUrl":"https:\/\/www.kurjerzy.pl\/blog\/wp-content\/uploads\/2017\/01\/blog_274_Melilla.jpg","keywords":["melilli","przesy\u0142ki zagraniczne"],"articleSection":["Przesy\u0142ki kurierskie"],"inLanguage":"pl-PL","potentialAction":[{"@type":"CommentAction","name":"Comment","target":["https:\/\/www.kurjerzy.pl\/blog\/przesylki-kurierskie\/paczka-do-melilly\/#respond"]}]},{"@type":"WebPage","@id":"https:\/\/www.kurjerzy.pl\/blog\/przesylki-kurierskie\/paczka-do-melilly\/","url":"https:\/\/www.kurjerzy.pl\/blog\/przesylki-kurierskie\/paczka-do-melilly\/","name":"Paczka do Melilly | KurJerzy.pl","isPartOf":{"@id":"https:\/\/www.kurjerzy.pl\/blog\/#website"},"primaryImageOfPage":{"@id":"https:\/\/www.kurjerzy.pl\/blog\/przesylki-kurierskie\/paczka-do-melilly\/#primaryimage"},"image":{"@id":"https:\/\/www.kurjerzy.pl\/blog\/przesylki-kurierskie\/paczka-do-melilly\/#primaryimage"},"thumbnailUrl":"https:\/\/www.kurjerzy.pl\/blog\/wp-content\/uploads\/2017\/01\/blog_274_Melilla.jpg","datePublished":"2017-01-12T08:49:34+00:00","dateModified":"2025-07-29T10:20:01+00:00","author":{"@id":"https:\/\/www.kurjerzy.pl\/blog\/#\/schema\/person\/160d97b3f9af9546a6b0ec664a44fb70"},"description":"Paczka do Melilly. Melilla to miasto, jednostka administracyjna Hiszpanii w p\u00f3\u0142nocnej Afryce. Znajduje si\u0119 na wschodnim wybrze\u017cu Maroka. Gospodarka oparta","breadcrumb":{"@id":"https:\/\/www.kurjerzy.pl\/blog\/przesylki-kurierskie\/paczka-do-melilly\/#breadcrumb"},"inLanguage":"pl-PL","potentialAction":[{"@type":"ReadAction","target":["https:\/\/www.kurjerzy.pl\/blog\/przesylki-kurierskie\/paczka-do-melilly\/"]}]},{"@type":"ImageObject","inLanguage":"pl-PL","@id":"https:\/\/www.kurjerzy.pl\/blog\/przesylki-kurierskie\/paczka-do-melilly\/#primaryimage","url":"https:\/\/www.kurjerzy.pl\/blog\/wp-content\/uploads\/2017\/01\/blog_274_Melilla.jpg","contentUrl":"https:\/\/www.kurjerzy.pl\/blog\/wp-content\/uploads\/2017\/01\/blog_274_Melilla.jpg","width":800,"height":600,"caption":"Paczka do Melilly"},{"@type":"BreadcrumbList","@id":"https:\/\/www.kurjerzy.pl\/blog\/przesylki-kurierskie\/paczka-do-melilly\/#breadcrumb","itemListElement":[{"@type":"ListItem","position":1,"name":"Strona g\u0142\u00f3wna","item":"https:\/\/www.kurjerzy.pl\/blog\/"},{"@type":"ListItem","position":2,"name":"Paczka do Melilly"}]},{"@type":"WebSite","@id":"https:\/\/www.kurjerzy.pl\/blog\/#website","url":"https:\/\/www.kurjerzy.pl\/blog\/","name":"KurJerzy.pl | Blog KurJerzy.pl","description":"Blog - Przesy\u0142ki i firmy kurierskie","potentialAction":[{"@type":"SearchAction","target":{"@type":"EntryPoint","urlTemplate":"https:\/\/www.kurjerzy.pl\/blog\/?s={search_term_string}"},"query-input":{"@type":"PropertyValueSpecification","valueRequired":true,"valueName":"search_term_string"}}],"inLanguage":"pl-PL"},{"@type":"Person","@id":"https:\/\/www.kurjerzy.pl\/blog\/#\/schema\/person\/160d97b3f9af9546a6b0ec664a44fb70","name":"Katarzyna Dworakowska","image":{"@type":"ImageObject","inLanguage":"pl-PL","@id":"https:\/\/www.kurjerzy.pl\/blog\/#\/schema\/person\/image\/","url":"https:\/\/www.kurjerzy.pl\/blog\/wp-content\/uploads\/2015\/09\/Katarzyna-150x150.jpg","contentUrl":"https:\/\/www.kurjerzy.pl\/blog\/wp-content\/uploads\/2015\/09\/Katarzyna-150x150.jpg","caption":"Katarzyna Dworakowska"},"description":"Od kilku lat pracuj\u0119 w bran\u017cy kurierskiej. Nie s\u0105 mi obce poj\u0119cia i problemy zwi\u0105zane z logistyk\u0105, transportem oraz spedycj\u0105, dlatego b\u0119d\u0119 stara\u0142a si\u0119 je przybli\u017cy\u0107 na tym blogu. Ca\u0142y czas odkrywam nowe tematy, kt\u00f3rymi b\u0119d\u0119 si\u0119 z Wami dzieli\u0142a, zapraszam wi\u0119c do poczytania ciekawostek z bran\u017cy. W wolnych chwilach lubi\u0119 podr\u00f3\u017cowa\u0107 po Polsce i \u015bwiecie, a podczas kr\u00f3tszych wycieczek zwiedza\u0107 okolic\u0119 na rowerze. Mi\u0142o\u015bnikom dw\u00f3ch k\u00f3\u0142ek polecam \u017bu\u0142awy, moje rodzinne tereny.","url":"https:\/\/www.kurjerzy.pl\/blog\/author\/katarzynadworakowska\/"}]}},"_links":{"self":[{"href":"https:\/\/www.kurjerzy.pl\/blog\/wp-json\/wp\/v2\/posts\/7536","targetHints":{"allow":["GET"]}}],"collection":[{"href":"https:\/\/www.kurjerzy.pl\/blog\/wp-json\/wp\/v2\/posts"}],"about":[{"href":"https:\/\/www.kurjerzy.pl\/blog\/wp-json\/wp\/v2\/types\/post"}],"author":[{"embeddable":true,"href":"https:\/\/www.kurjerzy.pl\/blog\/wp-json\/wp\/v2\/users\/3"}],"replies":[{"embeddable":true,"href":"https:\/\/www.kurjerzy.pl\/blog\/wp-json\/wp\/v2\/comments?post=7536"}],"version-history":[{"count":3,"href":"https:\/\/www.kurjerzy.pl\/blog\/wp-json\/wp\/v2\/posts\/7536\/revisions"}],"predecessor-version":[{"id":28792,"href":"https:\/\/www.kurjerzy.pl\/blog\/wp-json\/wp\/v2\/posts\/7536\/revisions\/28792"}],"wp:featuredmedia":[{"embeddable":true,"href":"https:\/\/www.kurjerzy.pl\/blog\/wp-json\/wp\/v2\/media\/7560"}],"wp:attachment":[{"href":"https:\/\/www.kurjerzy.pl\/blog\/wp-json\/wp\/v2\/media?parent=7536"}],"wp:term":[{"taxonomy":"category","embeddable":true,"href":"https:\/\/www.kurjerzy.pl\/blog\/wp-json\/wp\/v2\/categories?post=7536"},{"taxonomy":"post_tag","embeddable":true,"href":"https:\/\/www.kurjerzy.pl\/blog\/wp-json\/wp\/v2\/tags?post=7536"}],"curies":[{"name":"wp","href":"https:\/\/api.w.org\/{rel}","templated":true}]}}