{"id":29616,"date":"2026-04-28T12:52:39","date_gmt":"2026-04-28T10:52:39","guid":{"rendered":"https:\/\/www.kurjerzy.pl\/blog\/?p=29616"},"modified":"2026-04-28T12:52:39","modified_gmt":"2026-04-28T10:52:39","slug":"zbliza-sie-sezon-komunijny-jak-bezpiecznie-wyslac-prezent","status":"publish","type":"post","link":"https:\/\/www.kurjerzy.pl\/blog\/aktualnosci\/zbliza-sie-sezon-komunijny-jak-bezpiecznie-wyslac-prezent\/","title":{"rendered":"ZBLI\u017bA SI\u0118 SEZON KOMUNIJNY \u2013 JAK BEZPIECZNIE WYS\u0141A\u0106 PREZENT?"},"content":{"rendered":"<p class=\"introduction\">W maju rozpocznie si\u0119 sezon komunii \u015bwi\u0119tych i zwi\u0105zane z tym uroczysto\u015bci. Z pewno\u015bci\u0105 nie ob\u0119dzie si\u0119 bez prezent\u00f3w. Co jednak, gdy wiesz, \u017ce nie dasz rady by\u0107 na imprezie po komunii, a jednocze\u015bnie chcia\u0142by\u015b podarowa\u0107 bliskiemu Ci dziecku prezent? Wykorzystaj do tego kuriera. W tek\u015bcie podpowiadamy, jak zapakowa\u0107 prezenty na komuni\u0119 i w jaki spos\u00f3b skutecznie wys\u0142a\u0107 je do odbiorcy w mo\u017cliwie najta\u0144szy, najszybszy i najbezpieczniejszy spos\u00f3b. <\/p>\n<p><!--more--><\/p>\n<p>Prezenty na komuni\u0119 to bardzo szeroki temat. Dzieci obdarowywane s\u0105 zegarkami, rowerami, quadami, a nawet pieni\u0119dzmi. Co warto wiedzie\u0107 o mo\u017cliwo\u015bci wys\u0142ania takich prezent\u00f3w kurierem?<\/p>\n<h2>Prezenty na komunie \u2013 co i jak mo\u017cesz w og\u00f3le wys\u0142a\u0107?<\/h2>\n<p>Zacznijmy od pieni\u0119dzy. Kurierzy w \u017cadnym wypadku nie respektuj\u0105 nadawania papier\u00f3w warto\u015bciowych, z\u0142ota, kosztowno\u015bci czy pieni\u0119dzy. Je\u017celi to by\u0142 pomys\u0142 na Tw\u00f3j prezent dla dziecka, prze\u015blij \u015brodki przelewem albo zwyk\u0142ym przekazem. Z kolei kamienie szlachetne czy z\u0142oto lepiej podarowa\u0107 osobi\u015bcie lub przekierowa\u0107 bezpo\u015brednio ze sklepu, w kt\u00f3rym je kupujesz (tego rodzaju punkty maj\u0105 specjaln\u0105 umow\u0119 z kurierami, umo\u017cliwiaj\u0105c\u0105 przew\u00f3z tego rodzaju przedmiot\u00f3w).<\/p>\n<p>A co z <a href=\"https:\/\/www.kurjerzy.pl\/blog\/aktualnosci\/bezpieczna-wysylka-bizuterii-i-delikatnych-upominkow-poradnik-walentynkowy\/\">zegarkami<\/a> czy rowerami? Je\u017celi warto\u015b\u0107 przedmiotu nie przekracza kilku, maksymalnie kilkunasty tysi\u0119cy z\u0142 (w przypadku DPD do 20 tys. z\u0142), nie powiniene\u015b mie\u0107 problemu z nadaniem i zabezpieczeniem tego typu przedmiot\u00f3w. Je\u017celi warto\u015b\u0107 jest wi\u0119ksza, lepiej nie ryzykowa\u0107.<\/p>\n<p>Dlaczego to tak istotne? Oczywi\u015bcie, pracownik firmy kurierskiej nie otworzy paczki i nie sprawdzi, czy w \u015brodku jest got\u00f3wka czy zegarek. Problemem jest natomiast fakt, \u017ce w przypadku uszkodzenia lub zagubienia paczki, kurier nie b\u0119dzie odpowiada\u0107 za szkody. Utracisz nie tylko zawarto\u015b\u0107 paczki, ale te\u017c nie odzyskasz za ni\u0105 \u017cadnych pieni\u0119dzy.<\/p>\n<p>Zwr\u00f3\u0107 te\u017c uwag\u0119, czy dany przedmiot nie jest za ci\u0119\u017cki na podr\u00f3\u017c kurierem. Np. przew\u00f3z quada mo\u017ce okaza\u0107 si\u0119 niemo\u017cliwy w trybie standardowym i b\u0119dzie tu potrzebna tzw. przesy\u0142ka paletowa.<\/p>\n<h2>W jaki spos\u00f3b zapakowa\u0107 prezent na komuni\u0119 i zam\u00f3wi\u0107 kuriera?<\/h2>\n<p>Kolejny problem to kwestia odpowiedniego pakowania prezent\u00f3w. Z jednej strony musisz zadba\u0107 o estetyk\u0119, z drugiej koniecznie musisz prawid\u0142owo zabezpieczy\u0107 przedmiot, aby ca\u0142y dotar\u0142 do obdarowanego dziecka.<\/p>\n<p>Je\u017celi to mo\u017cliwe, zakupione produkty wysy\u0142aj w oryginalnych opakowaniach. Wn\u0119trze zabezpiecz dodatkow\u0105 wy\u015bci\u00f3\u0142k\u0105, np. ze styropianu lub folii b\u0105belkowej, aby ca\u0142o\u015b\u0107 wygl\u0105da\u0142a estetycznie. Oryginalne opakowanie (je\u017celi takowe jest) w\u0142\u00f3\u017c do drugiego kartonu. Tu wa\u017cne, aby kartony mia\u0142y zbli\u017con\u0105 wielko\u015b\u0107. Puste przestrzenie wy\u0142\u00f3\u017c poduszkami powietrznymi, styropianem, \u015bcinkami gazet lub foli\u0105 b\u0105belkow\u0105.<\/p>\n<p>Pami\u0119taj, \u017ce rower czy pojazd elektryczny (np. hulajnoga) musi by\u0107 rozmontowany i z\u0142o\u017cony. Zdejmij peda\u0142y, siode\u0142ko, kierownic\u0119, bateri\u0119, wykr\u0119\u0107 baga\u017cnik i b\u0142otniki. Wszystko pogrupuj i zabezpiecz w workach z zamkiem b\u0142yskawicznym. Elementy, kt\u00f3rych nie da si\u0119 zdj\u0105\u0107 ca\u0142kowicie (np. kierownica przymocowana r\u00f3wnie\u017c za pomoc\u0105 przewod\u00f3w hamulcowych) powinny by\u0107 przyklejone do konstrukcji jedno\u015bladu ta\u015bm\u0105.<\/p>\n<h2>Wszystko to dok\u0142adnie owi\u0144 foli\u0105 stretch i w\u0142\u00f3\u017c do kartonu o zbli\u017conych wymiarach. Ca\u0142o\u015b\u0107 tak\u017ce wype\u0142nij foli\u0105 lub styropianem.<\/h2>\n<p>Zwr\u00f3\u0107 uwag\u0119 na spos\u00f3b <a href=\"http:\/\/www.kurjerzy.pl\">zam\u00f3wienia kuriera<\/a>. Zadbaj, aby przesy\u0142ka dotar\u0142a do odbiorcy (czyli rodzic\u00f3w dziecka) najp\u00f3\u017aniej w pi\u0105tek. Zwykle uroczysto\u015bci komunijne odbywaj\u0105 si\u0119 w sobot\u0119 lub niedziel\u0119, czyli w dni, kiedy kurierzy nie pracuj\u0105. Wype\u0142nij formularz zam\u00f3wienia dok\u0142adnie, precyzuj\u0105c rozmiar paczki i jej wag\u0119. Wpisz te\u017c dok\u0142adnie zawarto\u015b\u0107 i wska\u017c, jak\u0105 warto\u015b\u0107 ma Twoja paczka.<\/p>\n<p>Je\u017celi zam\u00f3wisz kuriera np. we wtorek lub w \u015brod\u0119, masz raczej pewno\u015b\u0107, \u017ce wszystko dojdzie do odbiorcy w odpowiednim czasie. W przypadku, gdy chcesz mie\u0107 gwarancj\u0119, zam\u00f3w przesy\u0142k\u0119 z dostarczeniem nast\u0119pnego dnia roboczego. To Ci\u0119 zabezpieczy i pozwoli cieszy\u0107 si\u0119 dziecku z prezentu na pierwsz\u0105 komuni\u0119 \u015bwi\u0119t\u0105.<\/p>\n\n      <br>\n      <div style=\"max-width:790px;height:920px;border: 1px solid #ECECEC;\">\n      <iframe style=\"width:100%;height:100%;border:0;\" src=\"https:\/\/kurjerzy.pl\/widget?type=1&sender_country=PL&recipient_country=PL\"><\/iframe>\n      <\/div>\n      ","protected":false},"excerpt":{"rendered":"<p>W maju rozpocznie si\u0119 sezon komunii \u015bwi\u0119tych i zwi\u0105zane z tym uroczysto\u015bci. Z pewno\u015bci\u0105 nie ob\u0119dzie si\u0119 bez prezent\u00f3w. Co jednak, gdy wiesz, \u017ce nie dasz rady by\u0107 na imprezie po komunii, a jednocze\u015bnie chcia\u0142by\u015b podarowa\u0107 bliskiemu Ci dziecku prezent? Wykorzystaj do tego kuriera. W tek\u015bcie podpowiadamy, jak zapakowa\u0107 prezenty na komuni\u0119 i w jaki &#8230;<\/p>\n","protected":false},"author":33,"featured_media":29627,"comment_status":"closed","ping_status":"closed","sticky":false,"template":"","format":"standard","meta":{"footnotes":""},"categories":[304,2524],"tags":[],"class_list":["post-29616","post","type-post","status-publish","format-standard","has-post-thumbnail","hentry","category-aktualnosci","category-porady"],"yoast_head":"<!-- This site is optimized with the Yoast SEO plugin v26.7 - https:\/\/yoast.com\/wordpress\/plugins\/seo\/ -->\n<title>ZBLI\u017bA SI\u0118 SEZON KOMUNIJNY \u2013 JAK BEZPIECZNIE WYS\u0141A\u0106 PREZENT? | KurJerzy.pl<\/title>\n<meta name=\"description\" content=\"W maju rozpocznie si\u0119 sezon komunii \u015bwi\u0119tych i zwi\u0105zane z tym uroczysto\u015bci. Z pewno\u015bci\u0105 nie ob\u0119dzie si\u0119 bez prezent\u00f3w.\" \/>\n<meta name=\"robots\" content=\"index, follow, max-snippet:-1, max-image-preview:large, max-video-preview:-1\" \/>\n<link rel=\"canonical\" href=\"https:\/\/www.kurjerzy.pl\/blog\/aktualnosci\/zbliza-sie-sezon-komunijny-jak-bezpiecznie-wyslac-prezent\/\" \/>\n<meta property=\"og:locale\" content=\"pl_PL\" \/>\n<meta property=\"og:type\" content=\"article\" \/>\n<meta property=\"og:title\" content=\"ZBLI\u017bA SI\u0118 SEZON KOMUNIJNY \u2013 JAK BEZPIECZNIE WYS\u0141A\u0106 PREZENT? | KurJerzy.pl\" \/>\n<meta property=\"og:description\" content=\"W maju rozpocznie si\u0119 sezon komunii \u015bwi\u0119tych i zwi\u0105zane z tym uroczysto\u015bci. Z pewno\u015bci\u0105 nie ob\u0119dzie si\u0119 bez prezent\u00f3w.\" \/>\n<meta property=\"og:url\" content=\"https:\/\/www.kurjerzy.pl\/blog\/aktualnosci\/zbliza-sie-sezon-komunijny-jak-bezpiecznie-wyslac-prezent\/\" \/>\n<meta property=\"og:site_name\" content=\"KurJerzy.pl | Blog KurJerzy.pl\" \/>\n<meta property=\"article:publisher\" content=\"https:\/\/www.facebook.com\/KurJerzy\" \/>\n<meta property=\"article:published_time\" content=\"2026-04-28T10:52:39+00:00\" \/>\n<meta property=\"og:image\" content=\"https:\/\/www.kurjerzy.pl\/blog\/wp-content\/uploads\/2026\/04\/blog_1267.jpg\" \/>\n\t<meta property=\"og:image:width\" content=\"2306\" \/>\n\t<meta property=\"og:image:height\" content=\"1537\" \/>\n\t<meta property=\"og:image:type\" content=\"image\/jpeg\" \/>\n<meta name=\"author\" content=\"Marcin Lewicki\" \/>\n<meta name=\"twitter:card\" content=\"summary_large_image\" \/>\n<meta name=\"twitter:label1\" content=\"Napisane przez\" \/>\n\t<meta name=\"twitter:data1\" content=\"Marcin Lewicki\" \/>\n\t<meta name=\"twitter:label2\" content=\"Szacowany czas czytania\" \/>\n\t<meta name=\"twitter:data2\" content=\"4 minuty\" \/>\n<script type=\"application\/ld+json\" class=\"yoast-schema-graph\">{\"@context\":\"https:\/\/schema.org\",\"@graph\":[{\"@type\":\"Article\",\"@id\":\"https:\/\/www.kurjerzy.pl\/blog\/aktualnosci\/zbliza-sie-sezon-komunijny-jak-bezpiecznie-wyslac-prezent\/#article\",\"isPartOf\":{\"@id\":\"https:\/\/www.kurjerzy.pl\/blog\/aktualnosci\/zbliza-sie-sezon-komunijny-jak-bezpiecznie-wyslac-prezent\/\"},\"author\":{\"name\":\"Marcin Lewicki\",\"@id\":\"https:\/\/www.kurjerzy.pl\/blog\/#\/schema\/person\/65848fe8948a599bcea8a0cc099de3b9\"},\"headline\":\"ZBLI\u017bA SI\u0118 SEZON KOMUNIJNY \u2013 JAK BEZPIECZNIE WYS\u0141A\u0106 PREZENT?\",\"datePublished\":\"2026-04-28T10:52:39+00:00\",\"mainEntityOfPage\":{\"@id\":\"https:\/\/www.kurjerzy.pl\/blog\/aktualnosci\/zbliza-sie-sezon-komunijny-jak-bezpiecznie-wyslac-prezent\/\"},\"wordCount\":670,\"image\":{\"@id\":\"https:\/\/www.kurjerzy.pl\/blog\/aktualnosci\/zbliza-sie-sezon-komunijny-jak-bezpiecznie-wyslac-prezent\/#primaryimage\"},\"thumbnailUrl\":\"https:\/\/www.kurjerzy.pl\/blog\/wp-content\/uploads\/2026\/04\/blog_1267.jpg\",\"articleSection\":[\"Aktualno\u015bci w KurJerzy.pl\",\"Porady\"],\"inLanguage\":\"pl-PL\"},{\"@type\":\"WebPage\",\"@id\":\"https:\/\/www.kurjerzy.pl\/blog\/aktualnosci\/zbliza-sie-sezon-komunijny-jak-bezpiecznie-wyslac-prezent\/\",\"url\":\"https:\/\/www.kurjerzy.pl\/blog\/aktualnosci\/zbliza-sie-sezon-komunijny-jak-bezpiecznie-wyslac-prezent\/\",\"name\":\"ZBLI\u017bA SI\u0118 SEZON KOMUNIJNY \u2013 JAK BEZPIECZNIE WYS\u0141A\u0106 PREZENT? | KurJerzy.pl\",\"isPartOf\":{\"@id\":\"https:\/\/www.kurjerzy.pl\/blog\/#website\"},\"primaryImageOfPage\":{\"@id\":\"https:\/\/www.kurjerzy.pl\/blog\/aktualnosci\/zbliza-sie-sezon-komunijny-jak-bezpiecznie-wyslac-prezent\/#primaryimage\"},\"image\":{\"@id\":\"https:\/\/www.kurjerzy.pl\/blog\/aktualnosci\/zbliza-sie-sezon-komunijny-jak-bezpiecznie-wyslac-prezent\/#primaryimage\"},\"thumbnailUrl\":\"https:\/\/www.kurjerzy.pl\/blog\/wp-content\/uploads\/2026\/04\/blog_1267.jpg\",\"datePublished\":\"2026-04-28T10:52:39+00:00\",\"author\":{\"@id\":\"https:\/\/www.kurjerzy.pl\/blog\/#\/schema\/person\/65848fe8948a599bcea8a0cc099de3b9\"},\"description\":\"W maju rozpocznie si\u0119 sezon komunii \u015bwi\u0119tych i zwi\u0105zane z tym uroczysto\u015bci. Z pewno\u015bci\u0105 nie ob\u0119dzie si\u0119 bez prezent\u00f3w.\",\"breadcrumb\":{\"@id\":\"https:\/\/www.kurjerzy.pl\/blog\/aktualnosci\/zbliza-sie-sezon-komunijny-jak-bezpiecznie-wyslac-prezent\/#breadcrumb\"},\"inLanguage\":\"pl-PL\",\"potentialAction\":[{\"@type\":\"ReadAction\",\"target\":[\"https:\/\/www.kurjerzy.pl\/blog\/aktualnosci\/zbliza-sie-sezon-komunijny-jak-bezpiecznie-wyslac-prezent\/\"]}]},{\"@type\":\"ImageObject\",\"inLanguage\":\"pl-PL\",\"@id\":\"https:\/\/www.kurjerzy.pl\/blog\/aktualnosci\/zbliza-sie-sezon-komunijny-jak-bezpiecznie-wyslac-prezent\/#primaryimage\",\"url\":\"https:\/\/www.kurjerzy.pl\/blog\/wp-content\/uploads\/2026\/04\/blog_1267.jpg\",\"contentUrl\":\"https:\/\/www.kurjerzy.pl\/blog\/wp-content\/uploads\/2026\/04\/blog_1267.jpg\",\"width\":2306,\"height\":1537,\"caption\":\"Komunia \u015awi\u0119ta - wysy\u0142ka prezent\u00f3w kurierem\"},{\"@type\":\"BreadcrumbList\",\"@id\":\"https:\/\/www.kurjerzy.pl\/blog\/aktualnosci\/zbliza-sie-sezon-komunijny-jak-bezpiecznie-wyslac-prezent\/#breadcrumb\",\"itemListElement\":[{\"@type\":\"ListItem\",\"position\":1,\"name\":\"Strona g\u0142\u00f3wna\",\"item\":\"https:\/\/www.kurjerzy.pl\/blog\/\"},{\"@type\":\"ListItem\",\"position\":2,\"name\":\"ZBLI\u017bA SI\u0118 SEZON KOMUNIJNY \u2013 JAK BEZPIECZNIE WYS\u0141A\u0106 PREZENT?\"}]},{\"@type\":\"WebSite\",\"@id\":\"https:\/\/www.kurjerzy.pl\/blog\/#website\",\"url\":\"https:\/\/www.kurjerzy.pl\/blog\/\",\"name\":\"KurJerzy.pl | Blog KurJerzy.pl\",\"description\":\"Blog - Przesy\u0142ki i firmy kurierskie\",\"potentialAction\":[{\"@type\":\"SearchAction\",\"target\":{\"@type\":\"EntryPoint\",\"urlTemplate\":\"https:\/\/www.kurjerzy.pl\/blog\/?s={search_term_string}\"},\"query-input\":{\"@type\":\"PropertyValueSpecification\",\"valueRequired\":true,\"valueName\":\"search_term_string\"}}],\"inLanguage\":\"pl-PL\"},{\"@type\":\"Person\",\"@id\":\"https:\/\/www.kurjerzy.pl\/blog\/#\/schema\/person\/65848fe8948a599bcea8a0cc099de3b9\",\"name\":\"Marcin Lewicki\",\"image\":{\"@type\":\"ImageObject\",\"inLanguage\":\"pl-PL\",\"@id\":\"https:\/\/www.kurjerzy.pl\/blog\/#\/schema\/person\/image\/\",\"url\":\"https:\/\/www.kurjerzy.pl\/blog\/wp-content\/uploads\/2020\/04\/Redaktor_Lewicki-300x300-1-150x150.jpg\",\"contentUrl\":\"https:\/\/www.kurjerzy.pl\/blog\/wp-content\/uploads\/2020\/04\/Redaktor_Lewicki-300x300-1-150x150.jpg\",\"caption\":\"Marcin Lewicki\"},\"description\":\"Zapalony podr\u00f3\u017cnik, uwa\u017cny obserwator rynku spedycyjnego i dzia\u0142a\u0144 zwi\u0105zanych z logistyk\u0105. Dziennikarz i marketingowiec z zawodu i powo\u0142ania. By\u0142y reporter Radia Zet, oraz toru\u0144skiego Radia GRA. Absolwent Uniwersytetu Miko\u0142aja Kopernika w Toruniu. Od urodzenia mieszkaniec Grodu Kopernika, o kt\u00f3rym wie absolutnie wszystko. Prywatnie fan sportu, motoryzacji i pierog\u00f3w ruskich.\",\"url\":\"https:\/\/www.kurjerzy.pl\/blog\/author\/marcinlewicki\/\"}]}<\/script>\n<!-- \/ Yoast SEO plugin. -->","yoast_head_json":{"title":"ZBLI\u017bA SI\u0118 SEZON KOMUNIJNY \u2013 JAK BEZPIECZNIE WYS\u0141A\u0106 PREZENT? | KurJerzy.pl","description":"W maju rozpocznie si\u0119 sezon komunii \u015bwi\u0119tych i zwi\u0105zane z tym uroczysto\u015bci. Z pewno\u015bci\u0105 nie ob\u0119dzie si\u0119 bez prezent\u00f3w.","robots":{"index":"index","follow":"follow","max-snippet":"max-snippet:-1","max-image-preview":"max-image-preview:large","max-video-preview":"max-video-preview:-1"},"canonical":"https:\/\/www.kurjerzy.pl\/blog\/aktualnosci\/zbliza-sie-sezon-komunijny-jak-bezpiecznie-wyslac-prezent\/","og_locale":"pl_PL","og_type":"article","og_title":"ZBLI\u017bA SI\u0118 SEZON KOMUNIJNY \u2013 JAK BEZPIECZNIE WYS\u0141A\u0106 PREZENT? | KurJerzy.pl","og_description":"W maju rozpocznie si\u0119 sezon komunii \u015bwi\u0119tych i zwi\u0105zane z tym uroczysto\u015bci. Z pewno\u015bci\u0105 nie ob\u0119dzie si\u0119 bez prezent\u00f3w.","og_url":"https:\/\/www.kurjerzy.pl\/blog\/aktualnosci\/zbliza-sie-sezon-komunijny-jak-bezpiecznie-wyslac-prezent\/","og_site_name":"KurJerzy.pl | Blog KurJerzy.pl","article_publisher":"https:\/\/www.facebook.com\/KurJerzy","article_published_time":"2026-04-28T10:52:39+00:00","og_image":[{"width":2306,"height":1537,"url":"https:\/\/www.kurjerzy.pl\/blog\/wp-content\/uploads\/2026\/04\/blog_1267.jpg","type":"image\/jpeg"}],"author":"Marcin Lewicki","twitter_card":"summary_large_image","twitter_misc":{"Napisane przez":"Marcin Lewicki","Szacowany czas czytania":"4 minuty"},"schema":{"@context":"https:\/\/schema.org","@graph":[{"@type":"Article","@id":"https:\/\/www.kurjerzy.pl\/blog\/aktualnosci\/zbliza-sie-sezon-komunijny-jak-bezpiecznie-wyslac-prezent\/#article","isPartOf":{"@id":"https:\/\/www.kurjerzy.pl\/blog\/aktualnosci\/zbliza-sie-sezon-komunijny-jak-bezpiecznie-wyslac-prezent\/"},"author":{"name":"Marcin Lewicki","@id":"https:\/\/www.kurjerzy.pl\/blog\/#\/schema\/person\/65848fe8948a599bcea8a0cc099de3b9"},"headline":"ZBLI\u017bA SI\u0118 SEZON KOMUNIJNY \u2013 JAK BEZPIECZNIE WYS\u0141A\u0106 PREZENT?","datePublished":"2026-04-28T10:52:39+00:00","mainEntityOfPage":{"@id":"https:\/\/www.kurjerzy.pl\/blog\/aktualnosci\/zbliza-sie-sezon-komunijny-jak-bezpiecznie-wyslac-prezent\/"},"wordCount":670,"image":{"@id":"https:\/\/www.kurjerzy.pl\/blog\/aktualnosci\/zbliza-sie-sezon-komunijny-jak-bezpiecznie-wyslac-prezent\/#primaryimage"},"thumbnailUrl":"https:\/\/www.kurjerzy.pl\/blog\/wp-content\/uploads\/2026\/04\/blog_1267.jpg","articleSection":["Aktualno\u015bci w KurJerzy.pl","Porady"],"inLanguage":"pl-PL"},{"@type":"WebPage","@id":"https:\/\/www.kurjerzy.pl\/blog\/aktualnosci\/zbliza-sie-sezon-komunijny-jak-bezpiecznie-wyslac-prezent\/","url":"https:\/\/www.kurjerzy.pl\/blog\/aktualnosci\/zbliza-sie-sezon-komunijny-jak-bezpiecznie-wyslac-prezent\/","name":"ZBLI\u017bA SI\u0118 SEZON KOMUNIJNY \u2013 JAK BEZPIECZNIE WYS\u0141A\u0106 PREZENT? | KurJerzy.pl","isPartOf":{"@id":"https:\/\/www.kurjerzy.pl\/blog\/#website"},"primaryImageOfPage":{"@id":"https:\/\/www.kurjerzy.pl\/blog\/aktualnosci\/zbliza-sie-sezon-komunijny-jak-bezpiecznie-wyslac-prezent\/#primaryimage"},"image":{"@id":"https:\/\/www.kurjerzy.pl\/blog\/aktualnosci\/zbliza-sie-sezon-komunijny-jak-bezpiecznie-wyslac-prezent\/#primaryimage"},"thumbnailUrl":"https:\/\/www.kurjerzy.pl\/blog\/wp-content\/uploads\/2026\/04\/blog_1267.jpg","datePublished":"2026-04-28T10:52:39+00:00","author":{"@id":"https:\/\/www.kurjerzy.pl\/blog\/#\/schema\/person\/65848fe8948a599bcea8a0cc099de3b9"},"description":"W maju rozpocznie si\u0119 sezon komunii \u015bwi\u0119tych i zwi\u0105zane z tym uroczysto\u015bci. Z pewno\u015bci\u0105 nie ob\u0119dzie si\u0119 bez prezent\u00f3w.","breadcrumb":{"@id":"https:\/\/www.kurjerzy.pl\/blog\/aktualnosci\/zbliza-sie-sezon-komunijny-jak-bezpiecznie-wyslac-prezent\/#breadcrumb"},"inLanguage":"pl-PL","potentialAction":[{"@type":"ReadAction","target":["https:\/\/www.kurjerzy.pl\/blog\/aktualnosci\/zbliza-sie-sezon-komunijny-jak-bezpiecznie-wyslac-prezent\/"]}]},{"@type":"ImageObject","inLanguage":"pl-PL","@id":"https:\/\/www.kurjerzy.pl\/blog\/aktualnosci\/zbliza-sie-sezon-komunijny-jak-bezpiecznie-wyslac-prezent\/#primaryimage","url":"https:\/\/www.kurjerzy.pl\/blog\/wp-content\/uploads\/2026\/04\/blog_1267.jpg","contentUrl":"https:\/\/www.kurjerzy.pl\/blog\/wp-content\/uploads\/2026\/04\/blog_1267.jpg","width":2306,"height":1537,"caption":"Komunia \u015awi\u0119ta - wysy\u0142ka prezent\u00f3w kurierem"},{"@type":"BreadcrumbList","@id":"https:\/\/www.kurjerzy.pl\/blog\/aktualnosci\/zbliza-sie-sezon-komunijny-jak-bezpiecznie-wyslac-prezent\/#breadcrumb","itemListElement":[{"@type":"ListItem","position":1,"name":"Strona g\u0142\u00f3wna","item":"https:\/\/www.kurjerzy.pl\/blog\/"},{"@type":"ListItem","position":2,"name":"ZBLI\u017bA SI\u0118 SEZON KOMUNIJNY \u2013 JAK BEZPIECZNIE WYS\u0141A\u0106 PREZENT?"}]},{"@type":"WebSite","@id":"https:\/\/www.kurjerzy.pl\/blog\/#website","url":"https:\/\/www.kurjerzy.pl\/blog\/","name":"KurJerzy.pl | Blog KurJerzy.pl","description":"Blog - Przesy\u0142ki i firmy kurierskie","potentialAction":[{"@type":"SearchAction","target":{"@type":"EntryPoint","urlTemplate":"https:\/\/www.kurjerzy.pl\/blog\/?s={search_term_string}"},"query-input":{"@type":"PropertyValueSpecification","valueRequired":true,"valueName":"search_term_string"}}],"inLanguage":"pl-PL"},{"@type":"Person","@id":"https:\/\/www.kurjerzy.pl\/blog\/#\/schema\/person\/65848fe8948a599bcea8a0cc099de3b9","name":"Marcin Lewicki","image":{"@type":"ImageObject","inLanguage":"pl-PL","@id":"https:\/\/www.kurjerzy.pl\/blog\/#\/schema\/person\/image\/","url":"https:\/\/www.kurjerzy.pl\/blog\/wp-content\/uploads\/2020\/04\/Redaktor_Lewicki-300x300-1-150x150.jpg","contentUrl":"https:\/\/www.kurjerzy.pl\/blog\/wp-content\/uploads\/2020\/04\/Redaktor_Lewicki-300x300-1-150x150.jpg","caption":"Marcin Lewicki"},"description":"Zapalony podr\u00f3\u017cnik, uwa\u017cny obserwator rynku spedycyjnego i dzia\u0142a\u0144 zwi\u0105zanych z logistyk\u0105. Dziennikarz i marketingowiec z zawodu i powo\u0142ania. By\u0142y reporter Radia Zet, oraz toru\u0144skiego Radia GRA. Absolwent Uniwersytetu Miko\u0142aja Kopernika w Toruniu. Od urodzenia mieszkaniec Grodu Kopernika, o kt\u00f3rym wie absolutnie wszystko. Prywatnie fan sportu, motoryzacji i pierog\u00f3w ruskich.","url":"https:\/\/www.kurjerzy.pl\/blog\/author\/marcinlewicki\/"}]}},"_links":{"self":[{"href":"https:\/\/www.kurjerzy.pl\/blog\/wp-json\/wp\/v2\/posts\/29616","targetHints":{"allow":["GET"]}}],"collection":[{"href":"https:\/\/www.kurjerzy.pl\/blog\/wp-json\/wp\/v2\/posts"}],"about":[{"href":"https:\/\/www.kurjerzy.pl\/blog\/wp-json\/wp\/v2\/types\/post"}],"author":[{"embeddable":true,"href":"https:\/\/www.kurjerzy.pl\/blog\/wp-json\/wp\/v2\/users\/33"}],"replies":[{"embeddable":true,"href":"https:\/\/www.kurjerzy.pl\/blog\/wp-json\/wp\/v2\/comments?post=29616"}],"version-history":[{"count":5,"href":"https:\/\/www.kurjerzy.pl\/blog\/wp-json\/wp\/v2\/posts\/29616\/revisions"}],"predecessor-version":[{"id":29631,"href":"https:\/\/www.kurjerzy.pl\/blog\/wp-json\/wp\/v2\/posts\/29616\/revisions\/29631"}],"wp:featuredmedia":[{"embeddable":true,"href":"https:\/\/www.kurjerzy.pl\/blog\/wp-json\/wp\/v2\/media\/29627"}],"wp:attachment":[{"href":"https:\/\/www.kurjerzy.pl\/blog\/wp-json\/wp\/v2\/media?parent=29616"}],"wp:term":[{"taxonomy":"category","embeddable":true,"href":"https:\/\/www.kurjerzy.pl\/blog\/wp-json\/wp\/v2\/categories?post=29616"},{"taxonomy":"post_tag","embeddable":true,"href":"https:\/\/www.kurjerzy.pl\/blog\/wp-json\/wp\/v2\/tags?post=29616"}],"curies":[{"name":"wp","href":"https:\/\/api.w.org\/{rel}","templated":true}]}}