{"id":29495,"date":"2026-03-11T13:21:40","date_gmt":"2026-03-11T12:21:40","guid":{"rendered":"https:\/\/www.kurjerzy.pl\/blog\/?p=29495"},"modified":"2026-03-11T13:21:40","modified_gmt":"2026-03-11T12:21:40","slug":"logistyka-przed-wielkanoca-harmonogram-wysylek-na-kwiecien-2026","status":"publish","type":"post","link":"https:\/\/www.kurjerzy.pl\/blog\/porady\/logistyka-przed-wielkanoca-harmonogram-wysylek-na-kwiecien-2026\/","title":{"rendered":"LOGISTYKA PRZED WIELKANOC\u0104: HARMONOGRAM WYSY\u0141EK NA KWIECIE\u0143 2026"},"content":{"rendered":"<p class=\"introduction\">Wielkimi krokami nadchodzi Wielkanoc, czyli kolejny okres wzmo\u017conej pracy firm kurierskich. Je\u017celi chcesz, aby Twoje paczki wys\u0142ane na prze\u0142omie marca i kwietnia dotar\u0142y do odbiorc\u00f3w, ju\u017c teraz zaplanuj skuteczne nadania. Pami\u0119taj, \u017ce nie wszystkie przesy\u0142ki dotr\u0105 do w\u0142a\u015bciwych r\u0105k, je\u017celi za p\u00f3\u017ano zabierzesz si\u0119 za zam\u00f3wienie kurier\u00f3w.<\/p>\n<p><!--more--><\/p>\n<p>Wielkanoc to kolejny okres wzmo\u017conych dor\u0119cze\u0144 po Bo\u017cym Narodzeniu i okresie noworocznym. Wysy\u0142ane s\u0105 przesy\u0142ki zwi\u0105zane z e-commerce (prezenty, sprz\u0119ty AGD, artyku\u0142y zwi\u0105zane z porz\u0105dkami etc.), ale te\u017c paczki na \u015bwi\u0119ta od firm czy upominki dla rodzin.<\/p>\n<h2>Wielkanoc 2026 \u2013 zobacz, kiedy kurierzy nie b\u0119d\u0105 pracowa\u0107<\/h2>\n<p>Okres Wielkanocny w 2026 roku zaczyna si\u0119 w Wielki Pi\u0105tek, 3 kwietnia. To ostatni dzie\u0144 dor\u0119cze\u0144 przesy\u0142ek przed \u015bwi\u0119tami i normalny dzie\u0144 pracy dla kurier\u00f3w. Chocia\u017c zdarza si\u0119, \u017ce pracownicy firm kurierskich dzia\u0142aj\u0105 w soboty, Wielka Sobota b\u0119dzie wyj\u0105tkiem od tej regu\u0142y. Nie spodziewaj si\u0119, \u017ce jakakolwiek firma b\u0119dzie dor\u0119cza\u0107 przesy\u0142ki w ten dzie\u0144.<\/p>\n<p>Przesy\u0142ki nie b\u0119d\u0105 dor\u0119czane r\u00f3wnie\u017c w Niedziel\u0119 Wielkanocn\u0105 oraz 6 kwietnia, w Lany Poniedzia\u0142ek. To ustawowo dzie\u0144 wolny od pracy i kurierzy nie b\u0119d\u0105 \u015bwiadczy\u0107 wtedy swoich us\u0142ug. Z kalendarza wynika wi\u0119c, \u017ce okres dor\u0119czenia przesy\u0142ek b\u0119dzie wy\u0142\u0105czony mi\u0119dzy 4 kwietnia a 6 kwietnia w\u0142\u0105cznie.<\/p>\n<h2>Kalendarz nadania paczek przed Wielkanoc\u0105 2026 \u2013 kiedy nada\u0107 przesy\u0142k\u0119, by dotar\u0142a na czas?<\/h2>\n<p>W jaki spos\u00f3b zaplanowa\u0107 okres dostaw, aby mie\u0107 pewno\u015b\u0107, \u017ce przesy\u0142ka dojdzie do odbiorcy przed tym czasem? Najlepiej uwzgl\u0119dni\u0107 \u201eczasow\u0105 stref\u0119 bezpiecze\u0144stwa\u201d. Idealny moment na nadanie przesy\u0142ek przed okresem Wielkanocy to koniec marca (np. 30 lub 31 marca). To czas, w kt\u00f3rym kurier odbierze Twoj\u0105 przesy\u0142k\u0119, przepu\u015bci przez sortowni\u0119 i dor\u0119czy do miejsca docelowego. Przesy\u0142ka zam\u00f3wiona 30 marca powinna zosta\u0107 dor\u0119czona 1 lub 2 kwietnia.<\/p>\n<p>Paczki <a href=\"https:\/\/www.kurjerzy.pl\/blog\/aktualnosci\/wysylanie-przesylek-swiatecznych-last-minute-pamietaj-o-tych-zasadach\/\">\u201elast minute\u201d<\/a> nale\u017cy wys\u0142a\u0107 maksymalnie 1 kwietnia. Je\u017celi kurier tego dnia odbierze nadan\u0105 przesy\u0142k\u0119, jest szansa, \u017ce zostanie dor\u0119czona jeszcze przed \u015bwi\u0119tami. Ryzyko op\u00f3\u017anie\u0144 ro\u015bnie jednak wraz z liczb\u0105 zam\u00f3wionych us\u0142ug.<\/p>\n<p>Je\u017celi przesy\u0142ka zostanie zam\u00f3wiona 2 kwietnia, bardzo mo\u017cliwe, \u017ce czas okresu wielkanocnego sp\u0119dzi w magazynach lub na sortowni. Je\u017celi zam\u00f3wisz us\u0142ug\u0119 dor\u0119czenia kolejnego dnia roboczego, istnieje szansa, \u017ce <a href=\"http:\/\/www.kurjerzy.pl\">kurier \u201ena ostatni dzwonek\u201d<\/a> dor\u0119czy paczk\u0119 jeszcze w Wielki Pi\u0105tek. Natomiast w trybie standardowym paczka najpewniej zostanie dor\u0119czona we wtorek, po Wielkanocy.<\/p>\n<h2>Na co zwr\u00f3ci\u0107 uwag\u0119, aby przesy\u0142ka szybciej trafi\u0142a do odbiorcy?<\/h2>\n<p>Pami\u0119taj, \u017ce mo\u017cesz przyspieszy\u0107 lub usprawni\u0107 proces dor\u0119czenia paczki, ju\u017c na etapie jej pakowania. Wystarczy prawid\u0142owo zam\u00f3wi\u0107 przesy\u0142k\u0119 i skupi\u0107 si\u0119 na jej odpowiednim pakowaniu. Jak wp\u0142ywa\u0107 na przebieg procesu dor\u0119czenia paczki do odbiorcy?<\/p>\n<p>Przede wszystkim podczas zam\u00f3wienia paczki prawid\u0142owo okre\u015bl jej wymiary, wag\u0119 i opisz zawarto\u015b\u0107. Je\u017celi kszta\u0142t, rozmiar, ci\u0119\u017car, a tak\u017ce zawarto\u015b\u0107 deklarowana b\u0119d\u0105 zgodne ze stanem faktycznym, pracownik magazynu szybciej przepu\u015bci paczk\u0119 przez automat na sortowni. Liczy si\u0119 np. regularny kszta\u0142t. Karton w kszta\u0142cie prostopad\u0142o\u015bcianu b\u0119dzie szybciej przechodzi\u0142 przez selekcj\u0119, ni\u017c paczka o nieregularnych kszta\u0142tach.<\/p>\n<p>Istotny jest r\u00f3wnie\u017c precyzyjny spos\u00f3b wskazania <a href=\"https:\/\/www.kurjerzy.pl\/blog\/porady\/ile-razy-kurier-probuje-dostarczyc-przesylke-do-adresata\/\">adresu dor\u0119czenia<\/a>. Dok\u0142adnie wska\u017c kurierowi, gdzie znajduje si\u0119 odbiorca. Chodzi nie tylko o sam adres, ale te\u017c np. pi\u0119tro dor\u0119czenia paczki czy wskazanie konkretnej osoby. Ma to szczeg\u00f3lne znaczenie, je\u017celi zam\u00f3wiona paczka ma trafi\u0107 np. do okre\u015blonego przedsi\u0119biorstwa.<\/p>\n<p>Zwr\u00f3\u0107 te\u017c uwag\u0119 na przyklejenie etykiety. Musi by\u0107 ona umieszczona w widocznym miejscu, uniemo\u017cliwiaj\u0105c oderwanie. Dzi\u0119ki tym wskaz\u00f3wkom, Twoja paczka powinna trafi\u0107 przed Wielkanoc\u0105.<\/p>\n\n      <br>\n      <div style=\"max-width:790px;height:920px;border: 1px solid #ECECEC;\">\n      <iframe style=\"width:100%;height:100%;border:0;\" src=\"https:\/\/kurjerzy.pl\/widget?type=1&sender_country=PL&recipient_country=PL\"><\/iframe>\n      <\/div>\n      ","protected":false},"excerpt":{"rendered":"<p>Wielkimi krokami nadchodzi Wielkanoc, czyli kolejny okres wzmo\u017conej pracy firm kurierskich. Je\u017celi chcesz, aby Twoje paczki wys\u0142ane na prze\u0142omie marca i kwietnia dotar\u0142y do odbiorc\u00f3w, ju\u017c teraz zaplanuj skuteczne nadania. Pami\u0119taj, \u017ce nie wszystkie przesy\u0142ki dotr\u0105 do w\u0142a\u015bciwych r\u0105k, je\u017celi za p\u00f3\u017ano zabierzesz si\u0119 za zam\u00f3wienie kurier\u00f3w.<\/p>\n","protected":false},"author":33,"featured_media":29502,"comment_status":"closed","ping_status":"closed","sticky":false,"template":"","format":"standard","meta":{"footnotes":""},"categories":[304,2524],"tags":[],"class_list":["post-29495","post","type-post","status-publish","format-standard","has-post-thumbnail","hentry","category-aktualnosci","category-porady"],"yoast_head":"<!-- This site is optimized with the Yoast SEO plugin v26.7 - https:\/\/yoast.com\/wordpress\/plugins\/seo\/ -->\n<title>LOGISTYKA PRZED WIELKANOC\u0104: HARMONOGRAM WYSY\u0141EK NA KWIECIE\u0143 2026 | KurJerzy.pl<\/title>\n<meta name=\"description\" content=\"Wielkimi krokami nadchodzi Wielkanoc, czyli kolejny okres wzmo\u017conej pracy firm kurierskich. Je\u017celi chcesz, aby Twoje paczki dotar\u0142y do...\" \/>\n<meta name=\"robots\" content=\"index, follow, max-snippet:-1, max-image-preview:large, max-video-preview:-1\" \/>\n<link rel=\"canonical\" href=\"https:\/\/www.kurjerzy.pl\/blog\/porady\/logistyka-przed-wielkanoca-harmonogram-wysylek-na-kwiecien-2026\/\" \/>\n<meta property=\"og:locale\" content=\"pl_PL\" \/>\n<meta property=\"og:type\" content=\"article\" \/>\n<meta property=\"og:title\" content=\"LOGISTYKA PRZED WIELKANOC\u0104: HARMONOGRAM WYSY\u0141EK NA KWIECIE\u0143 2026 | KurJerzy.pl\" \/>\n<meta property=\"og:description\" content=\"Wielkimi krokami nadchodzi Wielkanoc, czyli kolejny okres wzmo\u017conej pracy firm kurierskich. Je\u017celi chcesz, aby Twoje paczki dotar\u0142y do...\" \/>\n<meta property=\"og:url\" content=\"https:\/\/www.kurjerzy.pl\/blog\/porady\/logistyka-przed-wielkanoca-harmonogram-wysylek-na-kwiecien-2026\/\" \/>\n<meta property=\"og:site_name\" content=\"KurJerzy.pl | Blog KurJerzy.pl\" \/>\n<meta property=\"article:publisher\" content=\"https:\/\/www.facebook.com\/KurJerzy\" \/>\n<meta property=\"article:published_time\" content=\"2026-03-11T12:21:40+00:00\" \/>\n<meta property=\"og:image\" content=\"https:\/\/www.kurjerzy.pl\/blog\/wp-content\/uploads\/2026\/03\/ChatGPT-Image-4-mar-2026-12_55_24-1024x683.png\" \/>\n\t<meta property=\"og:image:width\" content=\"1024\" \/>\n\t<meta property=\"og:image:height\" content=\"683\" \/>\n\t<meta property=\"og:image:type\" content=\"image\/png\" \/>\n<meta name=\"author\" content=\"Marcin Lewicki\" \/>\n<meta name=\"twitter:card\" content=\"summary_large_image\" \/>\n<meta name=\"twitter:label1\" content=\"Napisane przez\" \/>\n\t<meta name=\"twitter:data1\" content=\"Marcin Lewicki\" \/>\n\t<meta name=\"twitter:label2\" content=\"Szacowany czas czytania\" \/>\n\t<meta name=\"twitter:data2\" content=\"4 minuty\" \/>\n<script type=\"application\/ld+json\" class=\"yoast-schema-graph\">{\"@context\":\"https:\/\/schema.org\",\"@graph\":[{\"@type\":\"Article\",\"@id\":\"https:\/\/www.kurjerzy.pl\/blog\/porady\/logistyka-przed-wielkanoca-harmonogram-wysylek-na-kwiecien-2026\/#article\",\"isPartOf\":{\"@id\":\"https:\/\/www.kurjerzy.pl\/blog\/porady\/logistyka-przed-wielkanoca-harmonogram-wysylek-na-kwiecien-2026\/\"},\"author\":{\"name\":\"Marcin Lewicki\",\"@id\":\"https:\/\/www.kurjerzy.pl\/blog\/#\/schema\/person\/65848fe8948a599bcea8a0cc099de3b9\"},\"headline\":\"LOGISTYKA PRZED WIELKANOC\u0104: HARMONOGRAM WYSY\u0141EK NA KWIECIE\u0143 2026\",\"datePublished\":\"2026-03-11T12:21:40+00:00\",\"mainEntityOfPage\":{\"@id\":\"https:\/\/www.kurjerzy.pl\/blog\/porady\/logistyka-przed-wielkanoca-harmonogram-wysylek-na-kwiecien-2026\/\"},\"wordCount\":641,\"image\":{\"@id\":\"https:\/\/www.kurjerzy.pl\/blog\/porady\/logistyka-przed-wielkanoca-harmonogram-wysylek-na-kwiecien-2026\/#primaryimage\"},\"thumbnailUrl\":\"https:\/\/www.kurjerzy.pl\/blog\/wp-content\/uploads\/2026\/03\/ChatGPT-Image-4-mar-2026-12_55_24.png\",\"articleSection\":[\"Aktualno\u015bci w KurJerzy.pl\",\"Porady\"],\"inLanguage\":\"pl-PL\"},{\"@type\":\"WebPage\",\"@id\":\"https:\/\/www.kurjerzy.pl\/blog\/porady\/logistyka-przed-wielkanoca-harmonogram-wysylek-na-kwiecien-2026\/\",\"url\":\"https:\/\/www.kurjerzy.pl\/blog\/porady\/logistyka-przed-wielkanoca-harmonogram-wysylek-na-kwiecien-2026\/\",\"name\":\"LOGISTYKA PRZED WIELKANOC\u0104: HARMONOGRAM WYSY\u0141EK NA KWIECIE\u0143 2026 | KurJerzy.pl\",\"isPartOf\":{\"@id\":\"https:\/\/www.kurjerzy.pl\/blog\/#website\"},\"primaryImageOfPage\":{\"@id\":\"https:\/\/www.kurjerzy.pl\/blog\/porady\/logistyka-przed-wielkanoca-harmonogram-wysylek-na-kwiecien-2026\/#primaryimage\"},\"image\":{\"@id\":\"https:\/\/www.kurjerzy.pl\/blog\/porady\/logistyka-przed-wielkanoca-harmonogram-wysylek-na-kwiecien-2026\/#primaryimage\"},\"thumbnailUrl\":\"https:\/\/www.kurjerzy.pl\/blog\/wp-content\/uploads\/2026\/03\/ChatGPT-Image-4-mar-2026-12_55_24.png\",\"datePublished\":\"2026-03-11T12:21:40+00:00\",\"author\":{\"@id\":\"https:\/\/www.kurjerzy.pl\/blog\/#\/schema\/person\/65848fe8948a599bcea8a0cc099de3b9\"},\"description\":\"Wielkimi krokami nadchodzi Wielkanoc, czyli kolejny okres wzmo\u017conej pracy firm kurierskich. Je\u017celi chcesz, aby Twoje paczki dotar\u0142y do...\",\"breadcrumb\":{\"@id\":\"https:\/\/www.kurjerzy.pl\/blog\/porady\/logistyka-przed-wielkanoca-harmonogram-wysylek-na-kwiecien-2026\/#breadcrumb\"},\"inLanguage\":\"pl-PL\",\"potentialAction\":[{\"@type\":\"ReadAction\",\"target\":[\"https:\/\/www.kurjerzy.pl\/blog\/porady\/logistyka-przed-wielkanoca-harmonogram-wysylek-na-kwiecien-2026\/\"]}]},{\"@type\":\"ImageObject\",\"inLanguage\":\"pl-PL\",\"@id\":\"https:\/\/www.kurjerzy.pl\/blog\/porady\/logistyka-przed-wielkanoca-harmonogram-wysylek-na-kwiecien-2026\/#primaryimage\",\"url\":\"https:\/\/www.kurjerzy.pl\/blog\/wp-content\/uploads\/2026\/03\/ChatGPT-Image-4-mar-2026-12_55_24.png\",\"contentUrl\":\"https:\/\/www.kurjerzy.pl\/blog\/wp-content\/uploads\/2026\/03\/ChatGPT-Image-4-mar-2026-12_55_24.png\",\"width\":1536,\"height\":1024,\"caption\":\"Wielkanoc - wysy\u0142ka kurierem\"},{\"@type\":\"BreadcrumbList\",\"@id\":\"https:\/\/www.kurjerzy.pl\/blog\/porady\/logistyka-przed-wielkanoca-harmonogram-wysylek-na-kwiecien-2026\/#breadcrumb\",\"itemListElement\":[{\"@type\":\"ListItem\",\"position\":1,\"name\":\"Strona g\u0142\u00f3wna\",\"item\":\"https:\/\/www.kurjerzy.pl\/blog\/\"},{\"@type\":\"ListItem\",\"position\":2,\"name\":\"LOGISTYKA PRZED WIELKANOC\u0104: HARMONOGRAM WYSY\u0141EK NA KWIECIE\u0143 2026\"}]},{\"@type\":\"WebSite\",\"@id\":\"https:\/\/www.kurjerzy.pl\/blog\/#website\",\"url\":\"https:\/\/www.kurjerzy.pl\/blog\/\",\"name\":\"KurJerzy.pl | Blog KurJerzy.pl\",\"description\":\"Blog - Przesy\u0142ki i firmy kurierskie\",\"potentialAction\":[{\"@type\":\"SearchAction\",\"target\":{\"@type\":\"EntryPoint\",\"urlTemplate\":\"https:\/\/www.kurjerzy.pl\/blog\/?s={search_term_string}\"},\"query-input\":{\"@type\":\"PropertyValueSpecification\",\"valueRequired\":true,\"valueName\":\"search_term_string\"}}],\"inLanguage\":\"pl-PL\"},{\"@type\":\"Person\",\"@id\":\"https:\/\/www.kurjerzy.pl\/blog\/#\/schema\/person\/65848fe8948a599bcea8a0cc099de3b9\",\"name\":\"Marcin Lewicki\",\"image\":{\"@type\":\"ImageObject\",\"inLanguage\":\"pl-PL\",\"@id\":\"https:\/\/www.kurjerzy.pl\/blog\/#\/schema\/person\/image\/\",\"url\":\"https:\/\/www.kurjerzy.pl\/blog\/wp-content\/uploads\/2020\/04\/Redaktor_Lewicki-300x300-1-150x150.jpg\",\"contentUrl\":\"https:\/\/www.kurjerzy.pl\/blog\/wp-content\/uploads\/2020\/04\/Redaktor_Lewicki-300x300-1-150x150.jpg\",\"caption\":\"Marcin Lewicki\"},\"description\":\"Zapalony podr\u00f3\u017cnik, uwa\u017cny obserwator rynku spedycyjnego i dzia\u0142a\u0144 zwi\u0105zanych z logistyk\u0105. Dziennikarz i marketingowiec z zawodu i powo\u0142ania. By\u0142y reporter Radia Zet, oraz toru\u0144skiego Radia GRA. Absolwent Uniwersytetu Miko\u0142aja Kopernika w Toruniu. Od urodzenia mieszkaniec Grodu Kopernika, o kt\u00f3rym wie absolutnie wszystko. Prywatnie fan sportu, motoryzacji i pierog\u00f3w ruskich.\",\"url\":\"https:\/\/www.kurjerzy.pl\/blog\/author\/marcinlewicki\/\"}]}<\/script>\n<!-- \/ Yoast SEO plugin. -->","yoast_head_json":{"title":"LOGISTYKA PRZED WIELKANOC\u0104: HARMONOGRAM WYSY\u0141EK NA KWIECIE\u0143 2026 | KurJerzy.pl","description":"Wielkimi krokami nadchodzi Wielkanoc, czyli kolejny okres wzmo\u017conej pracy firm kurierskich. Je\u017celi chcesz, aby Twoje paczki dotar\u0142y do...","robots":{"index":"index","follow":"follow","max-snippet":"max-snippet:-1","max-image-preview":"max-image-preview:large","max-video-preview":"max-video-preview:-1"},"canonical":"https:\/\/www.kurjerzy.pl\/blog\/porady\/logistyka-przed-wielkanoca-harmonogram-wysylek-na-kwiecien-2026\/","og_locale":"pl_PL","og_type":"article","og_title":"LOGISTYKA PRZED WIELKANOC\u0104: HARMONOGRAM WYSY\u0141EK NA KWIECIE\u0143 2026 | KurJerzy.pl","og_description":"Wielkimi krokami nadchodzi Wielkanoc, czyli kolejny okres wzmo\u017conej pracy firm kurierskich. Je\u017celi chcesz, aby Twoje paczki dotar\u0142y do...","og_url":"https:\/\/www.kurjerzy.pl\/blog\/porady\/logistyka-przed-wielkanoca-harmonogram-wysylek-na-kwiecien-2026\/","og_site_name":"KurJerzy.pl | Blog KurJerzy.pl","article_publisher":"https:\/\/www.facebook.com\/KurJerzy","article_published_time":"2026-03-11T12:21:40+00:00","og_image":[{"width":1024,"height":683,"url":"https:\/\/www.kurjerzy.pl\/blog\/wp-content\/uploads\/2026\/03\/ChatGPT-Image-4-mar-2026-12_55_24-1024x683.png","type":"image\/png"}],"author":"Marcin Lewicki","twitter_card":"summary_large_image","twitter_misc":{"Napisane przez":"Marcin Lewicki","Szacowany czas czytania":"4 minuty"},"schema":{"@context":"https:\/\/schema.org","@graph":[{"@type":"Article","@id":"https:\/\/www.kurjerzy.pl\/blog\/porady\/logistyka-przed-wielkanoca-harmonogram-wysylek-na-kwiecien-2026\/#article","isPartOf":{"@id":"https:\/\/www.kurjerzy.pl\/blog\/porady\/logistyka-przed-wielkanoca-harmonogram-wysylek-na-kwiecien-2026\/"},"author":{"name":"Marcin Lewicki","@id":"https:\/\/www.kurjerzy.pl\/blog\/#\/schema\/person\/65848fe8948a599bcea8a0cc099de3b9"},"headline":"LOGISTYKA PRZED WIELKANOC\u0104: HARMONOGRAM WYSY\u0141EK NA KWIECIE\u0143 2026","datePublished":"2026-03-11T12:21:40+00:00","mainEntityOfPage":{"@id":"https:\/\/www.kurjerzy.pl\/blog\/porady\/logistyka-przed-wielkanoca-harmonogram-wysylek-na-kwiecien-2026\/"},"wordCount":641,"image":{"@id":"https:\/\/www.kurjerzy.pl\/blog\/porady\/logistyka-przed-wielkanoca-harmonogram-wysylek-na-kwiecien-2026\/#primaryimage"},"thumbnailUrl":"https:\/\/www.kurjerzy.pl\/blog\/wp-content\/uploads\/2026\/03\/ChatGPT-Image-4-mar-2026-12_55_24.png","articleSection":["Aktualno\u015bci w KurJerzy.pl","Porady"],"inLanguage":"pl-PL"},{"@type":"WebPage","@id":"https:\/\/www.kurjerzy.pl\/blog\/porady\/logistyka-przed-wielkanoca-harmonogram-wysylek-na-kwiecien-2026\/","url":"https:\/\/www.kurjerzy.pl\/blog\/porady\/logistyka-przed-wielkanoca-harmonogram-wysylek-na-kwiecien-2026\/","name":"LOGISTYKA PRZED WIELKANOC\u0104: HARMONOGRAM WYSY\u0141EK NA KWIECIE\u0143 2026 | KurJerzy.pl","isPartOf":{"@id":"https:\/\/www.kurjerzy.pl\/blog\/#website"},"primaryImageOfPage":{"@id":"https:\/\/www.kurjerzy.pl\/blog\/porady\/logistyka-przed-wielkanoca-harmonogram-wysylek-na-kwiecien-2026\/#primaryimage"},"image":{"@id":"https:\/\/www.kurjerzy.pl\/blog\/porady\/logistyka-przed-wielkanoca-harmonogram-wysylek-na-kwiecien-2026\/#primaryimage"},"thumbnailUrl":"https:\/\/www.kurjerzy.pl\/blog\/wp-content\/uploads\/2026\/03\/ChatGPT-Image-4-mar-2026-12_55_24.png","datePublished":"2026-03-11T12:21:40+00:00","author":{"@id":"https:\/\/www.kurjerzy.pl\/blog\/#\/schema\/person\/65848fe8948a599bcea8a0cc099de3b9"},"description":"Wielkimi krokami nadchodzi Wielkanoc, czyli kolejny okres wzmo\u017conej pracy firm kurierskich. Je\u017celi chcesz, aby Twoje paczki dotar\u0142y do...","breadcrumb":{"@id":"https:\/\/www.kurjerzy.pl\/blog\/porady\/logistyka-przed-wielkanoca-harmonogram-wysylek-na-kwiecien-2026\/#breadcrumb"},"inLanguage":"pl-PL","potentialAction":[{"@type":"ReadAction","target":["https:\/\/www.kurjerzy.pl\/blog\/porady\/logistyka-przed-wielkanoca-harmonogram-wysylek-na-kwiecien-2026\/"]}]},{"@type":"ImageObject","inLanguage":"pl-PL","@id":"https:\/\/www.kurjerzy.pl\/blog\/porady\/logistyka-przed-wielkanoca-harmonogram-wysylek-na-kwiecien-2026\/#primaryimage","url":"https:\/\/www.kurjerzy.pl\/blog\/wp-content\/uploads\/2026\/03\/ChatGPT-Image-4-mar-2026-12_55_24.png","contentUrl":"https:\/\/www.kurjerzy.pl\/blog\/wp-content\/uploads\/2026\/03\/ChatGPT-Image-4-mar-2026-12_55_24.png","width":1536,"height":1024,"caption":"Wielkanoc - wysy\u0142ka kurierem"},{"@type":"BreadcrumbList","@id":"https:\/\/www.kurjerzy.pl\/blog\/porady\/logistyka-przed-wielkanoca-harmonogram-wysylek-na-kwiecien-2026\/#breadcrumb","itemListElement":[{"@type":"ListItem","position":1,"name":"Strona g\u0142\u00f3wna","item":"https:\/\/www.kurjerzy.pl\/blog\/"},{"@type":"ListItem","position":2,"name":"LOGISTYKA PRZED WIELKANOC\u0104: HARMONOGRAM WYSY\u0141EK NA KWIECIE\u0143 2026"}]},{"@type":"WebSite","@id":"https:\/\/www.kurjerzy.pl\/blog\/#website","url":"https:\/\/www.kurjerzy.pl\/blog\/","name":"KurJerzy.pl | Blog KurJerzy.pl","description":"Blog - Przesy\u0142ki i firmy kurierskie","potentialAction":[{"@type":"SearchAction","target":{"@type":"EntryPoint","urlTemplate":"https:\/\/www.kurjerzy.pl\/blog\/?s={search_term_string}"},"query-input":{"@type":"PropertyValueSpecification","valueRequired":true,"valueName":"search_term_string"}}],"inLanguage":"pl-PL"},{"@type":"Person","@id":"https:\/\/www.kurjerzy.pl\/blog\/#\/schema\/person\/65848fe8948a599bcea8a0cc099de3b9","name":"Marcin Lewicki","image":{"@type":"ImageObject","inLanguage":"pl-PL","@id":"https:\/\/www.kurjerzy.pl\/blog\/#\/schema\/person\/image\/","url":"https:\/\/www.kurjerzy.pl\/blog\/wp-content\/uploads\/2020\/04\/Redaktor_Lewicki-300x300-1-150x150.jpg","contentUrl":"https:\/\/www.kurjerzy.pl\/blog\/wp-content\/uploads\/2020\/04\/Redaktor_Lewicki-300x300-1-150x150.jpg","caption":"Marcin Lewicki"},"description":"Zapalony podr\u00f3\u017cnik, uwa\u017cny obserwator rynku spedycyjnego i dzia\u0142a\u0144 zwi\u0105zanych z logistyk\u0105. Dziennikarz i marketingowiec z zawodu i powo\u0142ania. By\u0142y reporter Radia Zet, oraz toru\u0144skiego Radia GRA. Absolwent Uniwersytetu Miko\u0142aja Kopernika w Toruniu. Od urodzenia mieszkaniec Grodu Kopernika, o kt\u00f3rym wie absolutnie wszystko. Prywatnie fan sportu, motoryzacji i pierog\u00f3w ruskich.","url":"https:\/\/www.kurjerzy.pl\/blog\/author\/marcinlewicki\/"}]}},"_links":{"self":[{"href":"https:\/\/www.kurjerzy.pl\/blog\/wp-json\/wp\/v2\/posts\/29495","targetHints":{"allow":["GET"]}}],"collection":[{"href":"https:\/\/www.kurjerzy.pl\/blog\/wp-json\/wp\/v2\/posts"}],"about":[{"href":"https:\/\/www.kurjerzy.pl\/blog\/wp-json\/wp\/v2\/types\/post"}],"author":[{"embeddable":true,"href":"https:\/\/www.kurjerzy.pl\/blog\/wp-json\/wp\/v2\/users\/33"}],"replies":[{"embeddable":true,"href":"https:\/\/www.kurjerzy.pl\/blog\/wp-json\/wp\/v2\/comments?post=29495"}],"version-history":[{"count":5,"href":"https:\/\/www.kurjerzy.pl\/blog\/wp-json\/wp\/v2\/posts\/29495\/revisions"}],"predecessor-version":[{"id":29510,"href":"https:\/\/www.kurjerzy.pl\/blog\/wp-json\/wp\/v2\/posts\/29495\/revisions\/29510"}],"wp:featuredmedia":[{"embeddable":true,"href":"https:\/\/www.kurjerzy.pl\/blog\/wp-json\/wp\/v2\/media\/29502"}],"wp:attachment":[{"href":"https:\/\/www.kurjerzy.pl\/blog\/wp-json\/wp\/v2\/media?parent=29495"}],"wp:term":[{"taxonomy":"category","embeddable":true,"href":"https:\/\/www.kurjerzy.pl\/blog\/wp-json\/wp\/v2\/categories?post=29495"},{"taxonomy":"post_tag","embeddable":true,"href":"https:\/\/www.kurjerzy.pl\/blog\/wp-json\/wp\/v2\/tags?post=29495"}],"curies":[{"name":"wp","href":"https:\/\/api.w.org\/{rel}","templated":true}]}}