{"id":29216,"date":"2025-12-09T10:51:33","date_gmt":"2025-12-09T09:51:33","guid":{"rendered":"https:\/\/www.kurjerzy.pl\/blog\/?p=29216"},"modified":"2025-12-09T10:51:33","modified_gmt":"2025-12-09T09:51:33","slug":"swieta-2025-zaplanuj-wysylke-swoich-paczek","status":"publish","type":"post","link":"https:\/\/www.kurjerzy.pl\/blog\/aktualnosci\/swieta-2025-zaplanuj-wysylke-swoich-paczek\/","title":{"rendered":"\u015aWI\u0118TA 2025 \u2013 ZAPLANUJ WYSY\u0141K\u0118 SWOICH PACZEK"},"content":{"rendered":"<p class=\"introduction\">Zbli\u017caj\u0105 si\u0119 \u015bwi\u0119ta Bo\u017cego Narodzenia, co dla kurier\u00f3w oznacza czas wzmo\u017conej pracy. Wiele os\u00f3b kupuje prezenty online, wysy\u0142a podarunki bliskim (w kraju i zagranic\u0105), a tak\u017ce nadaje upominki dla swoich kontrahent\u00f3w firmowych. Je\u017celi chcesz, aby zam\u00f3wiona us\u0142uga kurierska zosta\u0142a zrealizowana przed \u015bwi\u0119tami, pami\u0119taj o kilku istotnych kwestiach. Jak zaplanowa\u0107 wysy\u0142k\u0119 przesy\u0142ek w okresie \u015bwi\u0105tecznym w 2025 roku?<\/p>\n<p><!--more--><\/p>\n<p>Pod kilkoma wzgl\u0119dami zbli\u017caj\u0105ce si\u0119 Bo\u017ce Narodzenie b\u0119dzie specyficzne dla bran\u017cy kurierskiej. Wynika to z kalendarza, ale te\u017c wdro\u017conych w 2025 roku regulacji legislacyjnych.<\/p>\n<h2>Pami\u0119taj o wolnej wigilii!<\/h2>\n<p>Niew\u0105tpliwie najwa\u017cniejsz\u0105 zmian\u0105, kt\u00f3ra po\u015brednio r\u00f3wnie\u017c wp\u0142ywa na prac\u0119 firm kurierskich jest wprowadzenie nowego dnia wolnego do kalendarza, w okresie \u015bwi\u0105tecznym. Ustawodawca zdecydowa\u0142, \u017ce w 2025 roku wolna od pracy b\u0119dzie Wigilia Bo\u017cego Narodzenia.<br \/>\nW praktyce ostatnim dniem na realizacj\u0119 us\u0142ugi kurierskiej mo\u017ce by\u0107 wi\u0119c 22 grudnia. Pami\u0119taj jednak, \u017ce nie oznacza to, \u017ce wys\u0142ana \u201elast minute\u201d przesy\u0142ka dotrze do odbiorcy. Wielce prawdopodobne jest to, \u017ce Twoje zam\u00f3wienie dotrze do odbiorcy dopiero po \u015bwi\u0119tach.<\/p>\n<h2>Jak wygl\u0105da kalendarz \u015bwi\u0105teczny?<\/h2>\n<p>Druga kwestia, kt\u00f3ra wp\u0142ywa na tegoroczny czas dor\u0119czenia przesy\u0142ek to kalendarz. Wolna wigilia wypada w tym roku w \u015brod\u0119. 25 i 26 grudnia to czwartek i pi\u0105tek. 27 i 28 grudnia b\u0119dzie dla wielu os\u00f3b kolejnymi dniami wolnymi od pracy. Przez pi\u0119\u0107 dni firmy kurierskie nie b\u0119d\u0105 w praktyce obs\u0142ugiwa\u0107 zlece\u0144, przyjmowa\u0107 i dor\u0119cza\u0107 przesy\u0142ek. 22 i 23 grudnia b\u0119dzie wi\u0119c okresem wzmo\u017conej pracy.<\/p>\n<p>Pami\u0119taj o tym fakcie, planuj\u0105c wysy\u0142k\u0119 przesy\u0142ki. Je\u017celi chcesz, aby ta dotar\u0142a w okresie mi\u0119dzy-\u015bwi\u0105tecznym (nawet po \u015bwi\u0119tach, 29, 30 lub 31 grudnia), musisz wys\u0142a\u0107 j\u0105 wcze\u015bniej. Roz\u0142adowanie po\u015bwi\u0105tecznego ruchu mo\u017ce zaj\u0105\u0107 firmom kurierskim kilka dni. Nie ma pe\u0142nej gwarancji, \u017ce zam\u00f3wienie dotrze w po\u017c\u0105danym przez Ciebie czasie.<\/p>\n<h2>Kiedy wysy\u0142a\u0107 przesy\u0142ki? Kiedy zamawia\u0107 prezenty?<\/h2>\n<p>Zacznijmy od kwestii <a href=\"https:\/\/www.kurjerzy.pl\/blog\/logistyka-w-eccommerce\/ekologiczne-pakowanie-przesylek-jak-pakowac-i-nadawac-aby-pozytywnie-wplywac-na-srodowisko\/\">nadawania przesy\u0142ek<\/a>. Je\u017celi chcesz, aby nadana przez Ciebie paczka dotar\u0142a do odbiorcy przed \u015bwi\u0119tami, zam\u00f3w kuriera najp\u00f3\u017aniej w tygodniu poprzedzaj\u0105cym \u015bwi\u0119ta Bo\u017cego Narodzenia, czyli od 15 do 18 grudnia. Warto zam\u00f3wi\u0107 us\u0142ug\u0119 kuriersk\u0105 na pocz\u0105tku tego okresu, czyli ok. 15 lub 16 grudnia. Je\u017celi wy\u015blesz przesy\u0142k\u0119 19 grudnia, nie masz gwarancji, \u017ce ta dotrze przed \u015bwi\u0119tami (tak jak pisali\u015bmy wy\u017cej), chocia\u017c jest to nadal prawdopodobne. Poza tym musisz pami\u0119ta\u0107, \u017ce okres tygodnia \u015bwi\u0105tecznego to czas wzmo\u017conych urlop\u00f3w i odbiorca (np. klient) mo\u017ce nie by\u0107 obecny w siedzibie swojej firmy. Najwygodniej nada\u0107 przesy\u0142k\u0119 poprzez serwis <a target=\"_blank\" href=\"http:\/\/www.kurjerzy.pl\" rel=\"noopener\">KurJerzy.pl<\/a>.<\/p>\n<p>Zalecamy zam\u00f3wienie us\u0142ugi do 15 grudnia, aby mie\u0107 pewno\u015b\u0107, \u017ce paczka dotrze przed \u015bwi\u0119tami. Kurier odbieraj\u0105cy przesy\u0142k\u0119 16 grudnia zwykle powinien zrealizowa\u0107 zam\u00f3wienie do 18 lub 19 grudnia. W przypadku przesy\u0142ek zagranicznych z kolei warto wykupi\u0107 us\u0142ug\u0119 kuriersk\u0105 mi\u0119dzy 8 a 12 grudnia.<\/p>\n<p>Co z zam\u00f3wieniem prezent\u00f3w? Najlepiej zakupu dokona\u0107 mi\u0119dzy 15 a 18 grudnia. W takiej sytuacji masz pewno\u015b\u0107, \u017ce przesy\u0142ka do Ciebie dotrze. Je\u017celi zakupiony prezent chcesz jednak nada\u0107 p\u00f3\u017aniej kolejnej osobie, dokonaj zakupu wcze\u015bniej lub od razu przekieruj paczk\u0119 do obdarowanej osoby.<\/p>\n<p>Jak widzisz, okres \u015bwi\u0105teczny to dla kurier\u00f3w gor\u0105cy czas wzmo\u017conej pracy, a tegoroczne \u015bwi\u0119ta (z woln\u0105 wigili\u0105 i wyd\u0142u\u017conym weekendem) wi\u0105\u017c\u0105 si\u0119 z ograniczeniami pod k\u0105tem odbioru i dostaw paczek. Miej to na uwadze, je\u017celi chcesz spokojnie obdarowa\u0107 blisk\u0105 osob\u0119 lub wys\u0142a\u0107 upominkowy box swoim kontrahentom w firmie lub pracownikom.<\/p>\n\n      <br>\n      <div style=\"max-width:790px;height:920px;border: 1px solid #ECECEC;\">\n      <iframe style=\"width:100%;height:100%;border:0;\" src=\"https:\/\/kurjerzy.pl\/widget?type=1&sender_country=PL&recipient_country=PL\"><\/iframe>\n      <\/div>\n      ","protected":false},"excerpt":{"rendered":"<p>Zbli\u017caj\u0105 si\u0119 \u015bwi\u0119ta Bo\u017cego Narodzenia, co dla kurier\u00f3w oznacza czas wzmo\u017conej pracy. Wiele os\u00f3b kupuje prezenty online, wysy\u0142a podarunki bliskim (w kraju i zagranic\u0105), a tak\u017ce nadaje upominki dla swoich kontrahent\u00f3w firmowych. Je\u017celi chcesz, aby zam\u00f3wiona us\u0142uga kurierska zosta\u0142a zrealizowana przed \u015bwi\u0119tami, pami\u0119taj o kilku istotnych kwestiach. Jak zaplanowa\u0107 wysy\u0142k\u0119 przesy\u0142ek w okresie \u015bwi\u0105tecznym w &#8230;<\/p>\n","protected":false},"author":33,"featured_media":29223,"comment_status":"closed","ping_status":"closed","sticky":false,"template":"","format":"standard","meta":{"footnotes":""},"categories":[304,2524],"tags":[],"class_list":["post-29216","post","type-post","status-publish","format-standard","has-post-thumbnail","hentry","category-aktualnosci","category-porady"],"yoast_head":"<!-- This site is optimized with the Yoast SEO plugin v26.7 - https:\/\/yoast.com\/wordpress\/plugins\/seo\/ -->\n<title>\u015aWI\u0118TA 2025 \u2013 ZAPLANUJ WYSY\u0141K\u0118 SWOICH PACZEK | KurJerzy.pl<\/title>\n<meta name=\"description\" content=\"Zbli\u017caj\u0105 si\u0119 \u015bwi\u0119ta Bo\u017cego Narodzenia, co dla kurier\u00f3w oznacza czas wzmo\u017conej pracy. Jak zaplanowa\u0107 wysy\u0142k\u0119 przesy\u0142ek w okresie \u015bwi\u0105tecznym.\" \/>\n<meta name=\"robots\" content=\"index, follow, max-snippet:-1, max-image-preview:large, max-video-preview:-1\" \/>\n<link rel=\"canonical\" href=\"https:\/\/www.kurjerzy.pl\/blog\/aktualnosci\/swieta-2025-zaplanuj-wysylke-swoich-paczek\/\" \/>\n<meta property=\"og:locale\" content=\"pl_PL\" \/>\n<meta property=\"og:type\" content=\"article\" \/>\n<meta property=\"og:title\" content=\"\u015aWI\u0118TA 2025 \u2013 ZAPLANUJ WYSY\u0141K\u0118 SWOICH PACZEK | KurJerzy.pl\" \/>\n<meta property=\"og:description\" content=\"Zbli\u017caj\u0105 si\u0119 \u015bwi\u0119ta Bo\u017cego Narodzenia, co dla kurier\u00f3w oznacza czas wzmo\u017conej pracy. Jak zaplanowa\u0107 wysy\u0142k\u0119 przesy\u0142ek w okresie \u015bwi\u0105tecznym.\" \/>\n<meta property=\"og:url\" content=\"https:\/\/www.kurjerzy.pl\/blog\/aktualnosci\/swieta-2025-zaplanuj-wysylke-swoich-paczek\/\" \/>\n<meta property=\"og:site_name\" content=\"KurJerzy.pl | Blog KurJerzy.pl\" \/>\n<meta property=\"article:publisher\" content=\"https:\/\/www.facebook.com\/KurJerzy\" \/>\n<meta property=\"article:published_time\" content=\"2025-12-09T09:51:33+00:00\" \/>\n<meta property=\"og:image\" content=\"https:\/\/www.kurjerzy.pl\/blog\/wp-content\/uploads\/2025\/12\/blog_1240.jpg\" \/>\n\t<meta property=\"og:image:width\" content=\"1153\" \/>\n\t<meta property=\"og:image:height\" content=\"769\" \/>\n\t<meta property=\"og:image:type\" content=\"image\/jpeg\" \/>\n<meta name=\"author\" content=\"Marcin Lewicki\" \/>\n<meta name=\"twitter:card\" content=\"summary_large_image\" \/>\n<meta name=\"twitter:label1\" content=\"Napisane przez\" \/>\n\t<meta name=\"twitter:data1\" content=\"Marcin Lewicki\" \/>\n\t<meta name=\"twitter:label2\" content=\"Szacowany czas czytania\" \/>\n\t<meta name=\"twitter:data2\" content=\"4 minuty\" \/>\n<script type=\"application\/ld+json\" class=\"yoast-schema-graph\">{\"@context\":\"https:\/\/schema.org\",\"@graph\":[{\"@type\":\"Article\",\"@id\":\"https:\/\/www.kurjerzy.pl\/blog\/aktualnosci\/swieta-2025-zaplanuj-wysylke-swoich-paczek\/#article\",\"isPartOf\":{\"@id\":\"https:\/\/www.kurjerzy.pl\/blog\/aktualnosci\/swieta-2025-zaplanuj-wysylke-swoich-paczek\/\"},\"author\":{\"name\":\"Marcin Lewicki\",\"@id\":\"https:\/\/www.kurjerzy.pl\/blog\/#\/schema\/person\/65848fe8948a599bcea8a0cc099de3b9\"},\"headline\":\"\u015aWI\u0118TA 2025 \u2013 ZAPLANUJ WYSY\u0141K\u0118 SWOICH PACZEK\",\"datePublished\":\"2025-12-09T09:51:33+00:00\",\"mainEntityOfPage\":{\"@id\":\"https:\/\/www.kurjerzy.pl\/blog\/aktualnosci\/swieta-2025-zaplanuj-wysylke-swoich-paczek\/\"},\"wordCount\":626,\"image\":{\"@id\":\"https:\/\/www.kurjerzy.pl\/blog\/aktualnosci\/swieta-2025-zaplanuj-wysylke-swoich-paczek\/#primaryimage\"},\"thumbnailUrl\":\"https:\/\/www.kurjerzy.pl\/blog\/wp-content\/uploads\/2025\/12\/blog_1240.jpg\",\"articleSection\":[\"Aktualno\u015bci w KurJerzy.pl\",\"Porady\"],\"inLanguage\":\"pl-PL\"},{\"@type\":\"WebPage\",\"@id\":\"https:\/\/www.kurjerzy.pl\/blog\/aktualnosci\/swieta-2025-zaplanuj-wysylke-swoich-paczek\/\",\"url\":\"https:\/\/www.kurjerzy.pl\/blog\/aktualnosci\/swieta-2025-zaplanuj-wysylke-swoich-paczek\/\",\"name\":\"\u015aWI\u0118TA 2025 \u2013 ZAPLANUJ WYSY\u0141K\u0118 SWOICH PACZEK | KurJerzy.pl\",\"isPartOf\":{\"@id\":\"https:\/\/www.kurjerzy.pl\/blog\/#website\"},\"primaryImageOfPage\":{\"@id\":\"https:\/\/www.kurjerzy.pl\/blog\/aktualnosci\/swieta-2025-zaplanuj-wysylke-swoich-paczek\/#primaryimage\"},\"image\":{\"@id\":\"https:\/\/www.kurjerzy.pl\/blog\/aktualnosci\/swieta-2025-zaplanuj-wysylke-swoich-paczek\/#primaryimage\"},\"thumbnailUrl\":\"https:\/\/www.kurjerzy.pl\/blog\/wp-content\/uploads\/2025\/12\/blog_1240.jpg\",\"datePublished\":\"2025-12-09T09:51:33+00:00\",\"author\":{\"@id\":\"https:\/\/www.kurjerzy.pl\/blog\/#\/schema\/person\/65848fe8948a599bcea8a0cc099de3b9\"},\"description\":\"Zbli\u017caj\u0105 si\u0119 \u015bwi\u0119ta Bo\u017cego Narodzenia, co dla kurier\u00f3w oznacza czas wzmo\u017conej pracy. Jak zaplanowa\u0107 wysy\u0142k\u0119 przesy\u0142ek w okresie \u015bwi\u0105tecznym.\",\"breadcrumb\":{\"@id\":\"https:\/\/www.kurjerzy.pl\/blog\/aktualnosci\/swieta-2025-zaplanuj-wysylke-swoich-paczek\/#breadcrumb\"},\"inLanguage\":\"pl-PL\",\"potentialAction\":[{\"@type\":\"ReadAction\",\"target\":[\"https:\/\/www.kurjerzy.pl\/blog\/aktualnosci\/swieta-2025-zaplanuj-wysylke-swoich-paczek\/\"]}]},{\"@type\":\"ImageObject\",\"inLanguage\":\"pl-PL\",\"@id\":\"https:\/\/www.kurjerzy.pl\/blog\/aktualnosci\/swieta-2025-zaplanuj-wysylke-swoich-paczek\/#primaryimage\",\"url\":\"https:\/\/www.kurjerzy.pl\/blog\/wp-content\/uploads\/2025\/12\/blog_1240.jpg\",\"contentUrl\":\"https:\/\/www.kurjerzy.pl\/blog\/wp-content\/uploads\/2025\/12\/blog_1240.jpg\",\"width\":1153,\"height\":769,\"caption\":\"Przesy\u0142ki \u015bwi\u0105teczne\"},{\"@type\":\"BreadcrumbList\",\"@id\":\"https:\/\/www.kurjerzy.pl\/blog\/aktualnosci\/swieta-2025-zaplanuj-wysylke-swoich-paczek\/#breadcrumb\",\"itemListElement\":[{\"@type\":\"ListItem\",\"position\":1,\"name\":\"Strona g\u0142\u00f3wna\",\"item\":\"https:\/\/www.kurjerzy.pl\/blog\/\"},{\"@type\":\"ListItem\",\"position\":2,\"name\":\"\u015aWI\u0118TA 2025 \u2013 ZAPLANUJ WYSY\u0141K\u0118 SWOICH PACZEK\"}]},{\"@type\":\"WebSite\",\"@id\":\"https:\/\/www.kurjerzy.pl\/blog\/#website\",\"url\":\"https:\/\/www.kurjerzy.pl\/blog\/\",\"name\":\"KurJerzy.pl | Blog KurJerzy.pl\",\"description\":\"Blog - Przesy\u0142ki i firmy kurierskie\",\"potentialAction\":[{\"@type\":\"SearchAction\",\"target\":{\"@type\":\"EntryPoint\",\"urlTemplate\":\"https:\/\/www.kurjerzy.pl\/blog\/?s={search_term_string}\"},\"query-input\":{\"@type\":\"PropertyValueSpecification\",\"valueRequired\":true,\"valueName\":\"search_term_string\"}}],\"inLanguage\":\"pl-PL\"},{\"@type\":\"Person\",\"@id\":\"https:\/\/www.kurjerzy.pl\/blog\/#\/schema\/person\/65848fe8948a599bcea8a0cc099de3b9\",\"name\":\"Marcin Lewicki\",\"image\":{\"@type\":\"ImageObject\",\"inLanguage\":\"pl-PL\",\"@id\":\"https:\/\/www.kurjerzy.pl\/blog\/#\/schema\/person\/image\/\",\"url\":\"https:\/\/www.kurjerzy.pl\/blog\/wp-content\/uploads\/2020\/04\/Redaktor_Lewicki-300x300-1-150x150.jpg\",\"contentUrl\":\"https:\/\/www.kurjerzy.pl\/blog\/wp-content\/uploads\/2020\/04\/Redaktor_Lewicki-300x300-1-150x150.jpg\",\"caption\":\"Marcin Lewicki\"},\"description\":\"Zapalony podr\u00f3\u017cnik, uwa\u017cny obserwator rynku spedycyjnego i dzia\u0142a\u0144 zwi\u0105zanych z logistyk\u0105. Dziennikarz i marketingowiec z zawodu i powo\u0142ania. By\u0142y reporter Radia Zet, oraz toru\u0144skiego Radia GRA. Absolwent Uniwersytetu Miko\u0142aja Kopernika w Toruniu. Od urodzenia mieszkaniec Grodu Kopernika, o kt\u00f3rym wie absolutnie wszystko. Prywatnie fan sportu, motoryzacji i pierog\u00f3w ruskich.\",\"url\":\"https:\/\/www.kurjerzy.pl\/blog\/author\/marcinlewicki\/\"}]}<\/script>\n<!-- \/ Yoast SEO plugin. -->","yoast_head_json":{"title":"\u015aWI\u0118TA 2025 \u2013 ZAPLANUJ WYSY\u0141K\u0118 SWOICH PACZEK | KurJerzy.pl","description":"Zbli\u017caj\u0105 si\u0119 \u015bwi\u0119ta Bo\u017cego Narodzenia, co dla kurier\u00f3w oznacza czas wzmo\u017conej pracy. Jak zaplanowa\u0107 wysy\u0142k\u0119 przesy\u0142ek w okresie \u015bwi\u0105tecznym.","robots":{"index":"index","follow":"follow","max-snippet":"max-snippet:-1","max-image-preview":"max-image-preview:large","max-video-preview":"max-video-preview:-1"},"canonical":"https:\/\/www.kurjerzy.pl\/blog\/aktualnosci\/swieta-2025-zaplanuj-wysylke-swoich-paczek\/","og_locale":"pl_PL","og_type":"article","og_title":"\u015aWI\u0118TA 2025 \u2013 ZAPLANUJ WYSY\u0141K\u0118 SWOICH PACZEK | KurJerzy.pl","og_description":"Zbli\u017caj\u0105 si\u0119 \u015bwi\u0119ta Bo\u017cego Narodzenia, co dla kurier\u00f3w oznacza czas wzmo\u017conej pracy. Jak zaplanowa\u0107 wysy\u0142k\u0119 przesy\u0142ek w okresie \u015bwi\u0105tecznym.","og_url":"https:\/\/www.kurjerzy.pl\/blog\/aktualnosci\/swieta-2025-zaplanuj-wysylke-swoich-paczek\/","og_site_name":"KurJerzy.pl | Blog KurJerzy.pl","article_publisher":"https:\/\/www.facebook.com\/KurJerzy","article_published_time":"2025-12-09T09:51:33+00:00","og_image":[{"width":1153,"height":769,"url":"https:\/\/www.kurjerzy.pl\/blog\/wp-content\/uploads\/2025\/12\/blog_1240.jpg","type":"image\/jpeg"}],"author":"Marcin Lewicki","twitter_card":"summary_large_image","twitter_misc":{"Napisane przez":"Marcin Lewicki","Szacowany czas czytania":"4 minuty"},"schema":{"@context":"https:\/\/schema.org","@graph":[{"@type":"Article","@id":"https:\/\/www.kurjerzy.pl\/blog\/aktualnosci\/swieta-2025-zaplanuj-wysylke-swoich-paczek\/#article","isPartOf":{"@id":"https:\/\/www.kurjerzy.pl\/blog\/aktualnosci\/swieta-2025-zaplanuj-wysylke-swoich-paczek\/"},"author":{"name":"Marcin Lewicki","@id":"https:\/\/www.kurjerzy.pl\/blog\/#\/schema\/person\/65848fe8948a599bcea8a0cc099de3b9"},"headline":"\u015aWI\u0118TA 2025 \u2013 ZAPLANUJ WYSY\u0141K\u0118 SWOICH PACZEK","datePublished":"2025-12-09T09:51:33+00:00","mainEntityOfPage":{"@id":"https:\/\/www.kurjerzy.pl\/blog\/aktualnosci\/swieta-2025-zaplanuj-wysylke-swoich-paczek\/"},"wordCount":626,"image":{"@id":"https:\/\/www.kurjerzy.pl\/blog\/aktualnosci\/swieta-2025-zaplanuj-wysylke-swoich-paczek\/#primaryimage"},"thumbnailUrl":"https:\/\/www.kurjerzy.pl\/blog\/wp-content\/uploads\/2025\/12\/blog_1240.jpg","articleSection":["Aktualno\u015bci w KurJerzy.pl","Porady"],"inLanguage":"pl-PL"},{"@type":"WebPage","@id":"https:\/\/www.kurjerzy.pl\/blog\/aktualnosci\/swieta-2025-zaplanuj-wysylke-swoich-paczek\/","url":"https:\/\/www.kurjerzy.pl\/blog\/aktualnosci\/swieta-2025-zaplanuj-wysylke-swoich-paczek\/","name":"\u015aWI\u0118TA 2025 \u2013 ZAPLANUJ WYSY\u0141K\u0118 SWOICH PACZEK | KurJerzy.pl","isPartOf":{"@id":"https:\/\/www.kurjerzy.pl\/blog\/#website"},"primaryImageOfPage":{"@id":"https:\/\/www.kurjerzy.pl\/blog\/aktualnosci\/swieta-2025-zaplanuj-wysylke-swoich-paczek\/#primaryimage"},"image":{"@id":"https:\/\/www.kurjerzy.pl\/blog\/aktualnosci\/swieta-2025-zaplanuj-wysylke-swoich-paczek\/#primaryimage"},"thumbnailUrl":"https:\/\/www.kurjerzy.pl\/blog\/wp-content\/uploads\/2025\/12\/blog_1240.jpg","datePublished":"2025-12-09T09:51:33+00:00","author":{"@id":"https:\/\/www.kurjerzy.pl\/blog\/#\/schema\/person\/65848fe8948a599bcea8a0cc099de3b9"},"description":"Zbli\u017caj\u0105 si\u0119 \u015bwi\u0119ta Bo\u017cego Narodzenia, co dla kurier\u00f3w oznacza czas wzmo\u017conej pracy. Jak zaplanowa\u0107 wysy\u0142k\u0119 przesy\u0142ek w okresie \u015bwi\u0105tecznym.","breadcrumb":{"@id":"https:\/\/www.kurjerzy.pl\/blog\/aktualnosci\/swieta-2025-zaplanuj-wysylke-swoich-paczek\/#breadcrumb"},"inLanguage":"pl-PL","potentialAction":[{"@type":"ReadAction","target":["https:\/\/www.kurjerzy.pl\/blog\/aktualnosci\/swieta-2025-zaplanuj-wysylke-swoich-paczek\/"]}]},{"@type":"ImageObject","inLanguage":"pl-PL","@id":"https:\/\/www.kurjerzy.pl\/blog\/aktualnosci\/swieta-2025-zaplanuj-wysylke-swoich-paczek\/#primaryimage","url":"https:\/\/www.kurjerzy.pl\/blog\/wp-content\/uploads\/2025\/12\/blog_1240.jpg","contentUrl":"https:\/\/www.kurjerzy.pl\/blog\/wp-content\/uploads\/2025\/12\/blog_1240.jpg","width":1153,"height":769,"caption":"Przesy\u0142ki \u015bwi\u0105teczne"},{"@type":"BreadcrumbList","@id":"https:\/\/www.kurjerzy.pl\/blog\/aktualnosci\/swieta-2025-zaplanuj-wysylke-swoich-paczek\/#breadcrumb","itemListElement":[{"@type":"ListItem","position":1,"name":"Strona g\u0142\u00f3wna","item":"https:\/\/www.kurjerzy.pl\/blog\/"},{"@type":"ListItem","position":2,"name":"\u015aWI\u0118TA 2025 \u2013 ZAPLANUJ WYSY\u0141K\u0118 SWOICH PACZEK"}]},{"@type":"WebSite","@id":"https:\/\/www.kurjerzy.pl\/blog\/#website","url":"https:\/\/www.kurjerzy.pl\/blog\/","name":"KurJerzy.pl | Blog KurJerzy.pl","description":"Blog - Przesy\u0142ki i firmy kurierskie","potentialAction":[{"@type":"SearchAction","target":{"@type":"EntryPoint","urlTemplate":"https:\/\/www.kurjerzy.pl\/blog\/?s={search_term_string}"},"query-input":{"@type":"PropertyValueSpecification","valueRequired":true,"valueName":"search_term_string"}}],"inLanguage":"pl-PL"},{"@type":"Person","@id":"https:\/\/www.kurjerzy.pl\/blog\/#\/schema\/person\/65848fe8948a599bcea8a0cc099de3b9","name":"Marcin Lewicki","image":{"@type":"ImageObject","inLanguage":"pl-PL","@id":"https:\/\/www.kurjerzy.pl\/blog\/#\/schema\/person\/image\/","url":"https:\/\/www.kurjerzy.pl\/blog\/wp-content\/uploads\/2020\/04\/Redaktor_Lewicki-300x300-1-150x150.jpg","contentUrl":"https:\/\/www.kurjerzy.pl\/blog\/wp-content\/uploads\/2020\/04\/Redaktor_Lewicki-300x300-1-150x150.jpg","caption":"Marcin Lewicki"},"description":"Zapalony podr\u00f3\u017cnik, uwa\u017cny obserwator rynku spedycyjnego i dzia\u0142a\u0144 zwi\u0105zanych z logistyk\u0105. Dziennikarz i marketingowiec z zawodu i powo\u0142ania. By\u0142y reporter Radia Zet, oraz toru\u0144skiego Radia GRA. Absolwent Uniwersytetu Miko\u0142aja Kopernika w Toruniu. Od urodzenia mieszkaniec Grodu Kopernika, o kt\u00f3rym wie absolutnie wszystko. Prywatnie fan sportu, motoryzacji i pierog\u00f3w ruskich.","url":"https:\/\/www.kurjerzy.pl\/blog\/author\/marcinlewicki\/"}]}},"_links":{"self":[{"href":"https:\/\/www.kurjerzy.pl\/blog\/wp-json\/wp\/v2\/posts\/29216","targetHints":{"allow":["GET"]}}],"collection":[{"href":"https:\/\/www.kurjerzy.pl\/blog\/wp-json\/wp\/v2\/posts"}],"about":[{"href":"https:\/\/www.kurjerzy.pl\/blog\/wp-json\/wp\/v2\/types\/post"}],"author":[{"embeddable":true,"href":"https:\/\/www.kurjerzy.pl\/blog\/wp-json\/wp\/v2\/users\/33"}],"replies":[{"embeddable":true,"href":"https:\/\/www.kurjerzy.pl\/blog\/wp-json\/wp\/v2\/comments?post=29216"}],"version-history":[{"count":6,"href":"https:\/\/www.kurjerzy.pl\/blog\/wp-json\/wp\/v2\/posts\/29216\/revisions"}],"predecessor-version":[{"id":29234,"href":"https:\/\/www.kurjerzy.pl\/blog\/wp-json\/wp\/v2\/posts\/29216\/revisions\/29234"}],"wp:featuredmedia":[{"embeddable":true,"href":"https:\/\/www.kurjerzy.pl\/blog\/wp-json\/wp\/v2\/media\/29223"}],"wp:attachment":[{"href":"https:\/\/www.kurjerzy.pl\/blog\/wp-json\/wp\/v2\/media?parent=29216"}],"wp:term":[{"taxonomy":"category","embeddable":true,"href":"https:\/\/www.kurjerzy.pl\/blog\/wp-json\/wp\/v2\/categories?post=29216"},{"taxonomy":"post_tag","embeddable":true,"href":"https:\/\/www.kurjerzy.pl\/blog\/wp-json\/wp\/v2\/tags?post=29216"}],"curies":[{"name":"wp","href":"https:\/\/api.w.org\/{rel}","templated":true}]}}