{"id":28909,"date":"2025-10-20T13:09:12","date_gmt":"2025-10-20T11:09:12","guid":{"rendered":"https:\/\/www.kurjerzy.pl\/blog\/?p=28909"},"modified":"2025-10-20T13:09:12","modified_gmt":"2025-10-20T11:09:12","slug":"pakowanie-rowerow-i-wysylka-kurierem-co-warto-wiedziec","status":"publish","type":"post","link":"https:\/\/www.kurjerzy.pl\/blog\/porady\/sposoby-pakowania\/pakowanie-rowerow-i-wysylka-kurierem-co-warto-wiedziec\/","title":{"rendered":"PAKOWANIE ROWER\u00d3W I WYSY\u0141KA KURIEREM \u2013 CO WARTO WIEDZIE\u0106?"},"content":{"rendered":"<p class=\"introduction\">Jedziesz na wakacje i chcesz zabra\u0107 ze sob\u0105 rower, ale nie masz jak go zapakowa\u0107 do auta? A mo\u017ce uda\u0142o Ci si\u0119 sprzeda\u0107 nieu\u017cywany jedno\u015blad, bo kto\u015b zapragn\u0105\u0142 wyjecha\u0107 latem na wycieczki rowerowe? Mo\u017cesz wys\u0142a\u0107 sw\u00f3j jedno\u015blad kurierem. W jaki spos\u00f3b zam\u00f3wi\u0107 przesy\u0142k\u0119 kuriersk\u0105, aby wszystko odby\u0142o si\u0119 zgodnie z regulaminem? Na co zwr\u00f3ci\u0107 uwag\u0119, pakuj\u0105c rower? Podpowiadamy!<\/p>\n<p><!--more--><\/p>\n<p>Wielu kurier\u00f3w dopuszcza przew\u00f3z rower\u00f3w za pomoc\u0105 paczki kurierskiej. Przesy\u0142ka wi\u0105\u017ce si\u0119 z okre\u015blonymi kosztami i wymogami, ale firmie nie powinno sprawi\u0107 trudno\u015bci, aby przetransportowa\u0107 jedno\u015blad z punktu A do punktu B.<\/p>\n<h2>Zam\u00f3wienie paczki kurierskiej na przew\u00f3z rowerem \u2013 o czym nale\u017cy pami\u0119ta\u0107?<\/h2>\n<p>Zacznijmy od zam\u00f3wienia przesy\u0142ki. W tym przypadku masz ju\u017c jedn\u0105 drog\u0119. <a href=\"https:\/\/www.kurjerzy.pl\/blog\/porady\/uslugi-kurierskie-za-granica-w-jaki-sposob-skorzystac-z-takiej-opcji\/\">Firmy kurierskie<\/a> niech\u0119tnie zabieraj\u0105 ca\u0142e, nierozmontowane jedno\u015blady. Konieczne jest specjalne zabezpieczenie i spakowanie pojazdu. Dlaczego tak jest? Nie ka\u017cda firma ma mo\u017cliwo\u015b\u0107 zabrania paczki z niez\u0142o\u017conym rowerem, kt\u00f3ra jest szeroka na ok. 60 cm, d\u0142uga na ok. 160, a nawet 180 cm i wysoka na ok. 80 \u2013 100 cm. Poza tym ryzyko uszkodzenia roweru jest bardzo wysokie, ze wzgl\u0119du na jego liczne, wra\u017cliwe cz\u0119\u015bci (peda\u0142y, hamulce, manetki itd.).<\/p>\n<p>Mo\u017cesz zoptymalizowa\u0107 koszt wysy\u0142ki i zwi\u0119kszy\u0107 liczb\u0119 firm, kt\u00f3re zabior\u0105 Tw\u00f3j rower, pakuj\u0105c jedno\u015blad w karton. Je\u017celi wybierzesz t\u0119 opcj\u0119, w zam\u00f3wieniu przesy\u0142ki mo\u017cesz zaznaczy\u0107 opcj\u0119 przesy\u0142ka standardowa. Wymiary Twojego kartonu b\u0119d\u0105 wymiarami paczki, a waga roweru \u2013 wag\u0105 przesy\u0142ki.<\/p>\n<p>Pami\u0119taj, aby dobrze zaadresowa\u0107 paczk\u0119. W rubryce \u201ezawarto\u015b\u0107\u201d wpisz rower i warto\u015b\u0107 jedno\u015bladu. To Twoje ubezpieczenie na wypadek uszkodzenia paczki. Wymagane mo\u017ce by\u0107 r\u00f3wnie\u017c oznaczenie ostro\u017cnie lub g\u00f3ra-d\u00f3\u0142. Je\u017celi tak jest, koszt przewozu paczki wzro\u015bnie.<\/p>\n<h2>W jaki spos\u00f3b zapakowa\u0107 rower do transportu?<\/h2>\n<p>Druga kwestia to <a href=\"https:\/\/www.kurjerzy.pl\/blog\/porady\/rower-kurierem-jak-przygotowac-sie-do-takiej-nietypowej-wysylki\/\">spos\u00f3b pakowania roweru<\/a>. To do\u015b\u0107 czasoch\u0142onne i pracoch\u0142onne zadanie, ale warto przy\u0142o\u017cy\u0107 si\u0119 do tego dobrze. Odpowiednio zapakowany jedno\u015blad dojedzie bez \u017cadnego uszczerbku do odbiorcy.<\/p>\n<p>W takim przypadku zdejmij z jedno\u015bladu kierownic\u0119, peda\u0142y i siode\u0142ko. Zabezpiecz te elementy foli\u0105 b\u0105belkow\u0105 i przymocuj do ramy roweru za pomoc\u0105 ta\u015bmy klej\u0105cej, kt\u00f3ra nie b\u0119dzie jednak uszkadza\u0107 lakieru (\u015bwietnie nadaje si\u0119 do tego ta\u015bma papierowa). Dok\u0142adnie zas\u0142o\u0144 kaset\u0119 z \u0142a\u0144cuchem (r\u00f3wnie\u017c foli\u0105 b\u0105belkow\u0105 lub dodatkowym kartonem) i elementy prze\u0142o\u017ce\u0144.<br \/>\nJe\u017celi to mo\u017cliwe, zdejmij tylne ko\u0142o roweru. W ten spos\u00f3b znacznie zmniejszysz wielko\u015b\u0107 jedno\u015bladu podczas transportu i zmniejszysz ryzyko uszkodzenia go. Mniejsze cz\u0119\u015bci (\u015bruby, trzymaki na bidon, stopk\u0119) mo\u017cesz w\u0142o\u017cy\u0107 w karton, kt\u00f3ry znajdzie si\u0119 w wi\u0119kszym pude\u0142ku z rowerem. Wszystko warto spi\u0105\u0107 ze sob\u0105 opaskami zaciskowymi. Dzi\u0119ki temu ca\u0142o\u015b\u0107 b\u0119dzie u\u0142o\u017cona stabilnie.<\/p>\n<p>Z ka\u017cdej strony paczka powinna by\u0107 chroniona foli\u0105 b\u0105belkow\u0105, elementami kartonowymi, poduszkami powietrznymi, styropianem lub innymi cz\u0119\u015bciami ograniczaj\u0105cymi skutki uderzenia w czasie transportu. Karton dobrze ota\u015bmuj. Z \u017cadnej strony nie powinien by\u0107 widoczny element roweru.<\/p>\n<h2>Pami\u0119taj, \u017ce kurier nie musi wchodzi\u0107 po przesy\u0142k\u0119<\/h2>\n<p>Je\u017celi trzymasz rower na 6 czy 8 pi\u0119trze, pakowanie przeprowad\u017a w piwnicy lub gara\u017cu. Z tego miejsca kurier powinien odebra\u0107 paczk\u0119. Dlaczego? Je\u017celi waga jest nadnormatywna, kurier nie ma obowi\u0105zku wchodzenia po przesy\u0142k\u0119, a Ty sam b\u0119dziesz musia\u0142 j\u0105 kurierowi znie\u015b\u0107.<\/p>\n<p>Zwr\u00f3\u0107 uwag\u0119, \u017ceby paczka by\u0142a prawid\u0142owo oznaczona i zabezpieczona np. przed przypadkowym otwarciem. Je\u017celi rower udaje si\u0119 w d\u0142u\u017csz\u0105 podr\u00f3\u017c np. samolotem, istnieje wym\u00f3g spuszczenia powietrza z k\u00f3\u0142. Warto o tym wiedzie\u0107.<\/p>\n<p>Na koniec pami\u0119taj, \u017ce Twoja paczka dotrze do odbiorcy lub do Ciebie na wakacjach w ci\u0105gu kilku dni roboczych. Miej to na uwadze, bo nieodebrana paczka mo\u017ce wr\u00f3ci\u0107 do Ciebie, na Tw\u00f3j koszt.<\/p>\n\n      <br>\n      <div style=\"max-width:790px;height:920px;border: 1px solid #ECECEC;\">\n      <iframe style=\"width:100%;height:100%;border:0;\" src=\"https:\/\/kurjerzy.pl\/widget?type=1&sender_country=PL&recipient_country=PL\"><\/iframe>\n      <\/div>\n      ","protected":false},"excerpt":{"rendered":"<p>Jedziesz na wakacje i chcesz zabra\u0107 ze sob\u0105 rower, ale nie masz jak go zapakowa\u0107 do auta? A mo\u017ce uda\u0142o Ci si\u0119 sprzeda\u0107 nieu\u017cywany jedno\u015blad, bo kto\u015b zapragn\u0105\u0142 wyjecha\u0107 latem na wycieczki rowerowe? Mo\u017cesz wys\u0142a\u0107 sw\u00f3j jedno\u015blad kurierem. W jaki spos\u00f3b zam\u00f3wi\u0107 przesy\u0142k\u0119 kuriersk\u0105, aby wszystko odby\u0142o si\u0119 zgodnie z regulaminem? Na co zwr\u00f3ci\u0107 uwag\u0119, &#8230;<\/p>\n","protected":false},"author":33,"featured_media":28933,"comment_status":"closed","ping_status":"closed","sticky":false,"template":"","format":"standard","meta":{"footnotes":""},"categories":[1549],"tags":[],"class_list":["post-28909","post","type-post","status-publish","format-standard","has-post-thumbnail","hentry","category-sposoby-pakowania"],"yoast_head":"<!-- This site is optimized with the Yoast SEO plugin v26.7 - https:\/\/yoast.com\/wordpress\/plugins\/seo\/ -->\n<title>PAKOWANIE ROWER\u00d3W I WYSY\u0141KA KURIEREM \u2013 CO WARTO WIEDZIE\u0106? | KurJerzy.pl<\/title>\n<meta name=\"description\" content=\"Jedziesz na wakacje i chcesz zabra\u0107 ze sob\u0105 rower, ale nie masz jak go zapakowa\u0107 do auta? Na co zwr\u00f3ci\u0107 uwag\u0119, pakuj\u0105c rower? Podpowiadamy!\" \/>\n<meta name=\"robots\" content=\"index, follow, max-snippet:-1, max-image-preview:large, max-video-preview:-1\" \/>\n<link rel=\"canonical\" href=\"https:\/\/www.kurjerzy.pl\/blog\/porady\/sposoby-pakowania\/pakowanie-rowerow-i-wysylka-kurierem-co-warto-wiedziec\/\" \/>\n<meta property=\"og:locale\" content=\"pl_PL\" \/>\n<meta property=\"og:type\" content=\"article\" \/>\n<meta property=\"og:title\" content=\"PAKOWANIE ROWER\u00d3W I WYSY\u0141KA KURIEREM \u2013 CO WARTO WIEDZIE\u0106? | KurJerzy.pl\" \/>\n<meta property=\"og:description\" content=\"Jedziesz na wakacje i chcesz zabra\u0107 ze sob\u0105 rower, ale nie masz jak go zapakowa\u0107 do auta? Na co zwr\u00f3ci\u0107 uwag\u0119, pakuj\u0105c rower? Podpowiadamy!\" \/>\n<meta property=\"og:url\" content=\"https:\/\/www.kurjerzy.pl\/blog\/porady\/sposoby-pakowania\/pakowanie-rowerow-i-wysylka-kurierem-co-warto-wiedziec\/\" \/>\n<meta property=\"og:site_name\" content=\"KurJerzy.pl | Blog KurJerzy.pl\" \/>\n<meta property=\"article:publisher\" content=\"https:\/\/www.facebook.com\/KurJerzy\" \/>\n<meta property=\"article:published_time\" content=\"2025-10-20T11:09:12+00:00\" \/>\n<meta property=\"og:image\" content=\"https:\/\/www.kurjerzy.pl\/blog\/wp-content\/uploads\/2025\/09\/blog_1229.jpg\" \/>\n\t<meta property=\"og:image:width\" content=\"2306\" \/>\n\t<meta property=\"og:image:height\" content=\"1537\" \/>\n\t<meta property=\"og:image:type\" content=\"image\/jpeg\" \/>\n<meta name=\"author\" content=\"Marcin Lewicki\" \/>\n<meta name=\"twitter:card\" content=\"summary_large_image\" \/>\n<meta name=\"twitter:label1\" content=\"Napisane przez\" \/>\n\t<meta name=\"twitter:data1\" content=\"Marcin Lewicki\" \/>\n\t<meta name=\"twitter:label2\" content=\"Szacowany czas czytania\" \/>\n\t<meta name=\"twitter:data2\" content=\"4 minuty\" \/>\n<script type=\"application\/ld+json\" class=\"yoast-schema-graph\">{\"@context\":\"https:\/\/schema.org\",\"@graph\":[{\"@type\":\"Article\",\"@id\":\"https:\/\/www.kurjerzy.pl\/blog\/porady\/sposoby-pakowania\/pakowanie-rowerow-i-wysylka-kurierem-co-warto-wiedziec\/#article\",\"isPartOf\":{\"@id\":\"https:\/\/www.kurjerzy.pl\/blog\/porady\/sposoby-pakowania\/pakowanie-rowerow-i-wysylka-kurierem-co-warto-wiedziec\/\"},\"author\":{\"name\":\"Marcin Lewicki\",\"@id\":\"https:\/\/www.kurjerzy.pl\/blog\/#\/schema\/person\/65848fe8948a599bcea8a0cc099de3b9\"},\"headline\":\"PAKOWANIE ROWER\u00d3W I WYSY\u0141KA KURIEREM \u2013 CO WARTO WIEDZIE\u0106?\",\"datePublished\":\"2025-10-20T11:09:12+00:00\",\"mainEntityOfPage\":{\"@id\":\"https:\/\/www.kurjerzy.pl\/blog\/porady\/sposoby-pakowania\/pakowanie-rowerow-i-wysylka-kurierem-co-warto-wiedziec\/\"},\"wordCount\":672,\"image\":{\"@id\":\"https:\/\/www.kurjerzy.pl\/blog\/porady\/sposoby-pakowania\/pakowanie-rowerow-i-wysylka-kurierem-co-warto-wiedziec\/#primaryimage\"},\"thumbnailUrl\":\"https:\/\/www.kurjerzy.pl\/blog\/wp-content\/uploads\/2025\/09\/blog_1229.jpg\",\"articleSection\":[\"Sposoby pakowania\"],\"inLanguage\":\"pl-PL\"},{\"@type\":\"WebPage\",\"@id\":\"https:\/\/www.kurjerzy.pl\/blog\/porady\/sposoby-pakowania\/pakowanie-rowerow-i-wysylka-kurierem-co-warto-wiedziec\/\",\"url\":\"https:\/\/www.kurjerzy.pl\/blog\/porady\/sposoby-pakowania\/pakowanie-rowerow-i-wysylka-kurierem-co-warto-wiedziec\/\",\"name\":\"PAKOWANIE ROWER\u00d3W I WYSY\u0141KA KURIEREM \u2013 CO WARTO WIEDZIE\u0106? | KurJerzy.pl\",\"isPartOf\":{\"@id\":\"https:\/\/www.kurjerzy.pl\/blog\/#website\"},\"primaryImageOfPage\":{\"@id\":\"https:\/\/www.kurjerzy.pl\/blog\/porady\/sposoby-pakowania\/pakowanie-rowerow-i-wysylka-kurierem-co-warto-wiedziec\/#primaryimage\"},\"image\":{\"@id\":\"https:\/\/www.kurjerzy.pl\/blog\/porady\/sposoby-pakowania\/pakowanie-rowerow-i-wysylka-kurierem-co-warto-wiedziec\/#primaryimage\"},\"thumbnailUrl\":\"https:\/\/www.kurjerzy.pl\/blog\/wp-content\/uploads\/2025\/09\/blog_1229.jpg\",\"datePublished\":\"2025-10-20T11:09:12+00:00\",\"author\":{\"@id\":\"https:\/\/www.kurjerzy.pl\/blog\/#\/schema\/person\/65848fe8948a599bcea8a0cc099de3b9\"},\"description\":\"Jedziesz na wakacje i chcesz zabra\u0107 ze sob\u0105 rower, ale nie masz jak go zapakowa\u0107 do auta? Na co zwr\u00f3ci\u0107 uwag\u0119, pakuj\u0105c rower? Podpowiadamy!\",\"breadcrumb\":{\"@id\":\"https:\/\/www.kurjerzy.pl\/blog\/porady\/sposoby-pakowania\/pakowanie-rowerow-i-wysylka-kurierem-co-warto-wiedziec\/#breadcrumb\"},\"inLanguage\":\"pl-PL\",\"potentialAction\":[{\"@type\":\"ReadAction\",\"target\":[\"https:\/\/www.kurjerzy.pl\/blog\/porady\/sposoby-pakowania\/pakowanie-rowerow-i-wysylka-kurierem-co-warto-wiedziec\/\"]}]},{\"@type\":\"ImageObject\",\"inLanguage\":\"pl-PL\",\"@id\":\"https:\/\/www.kurjerzy.pl\/blog\/porady\/sposoby-pakowania\/pakowanie-rowerow-i-wysylka-kurierem-co-warto-wiedziec\/#primaryimage\",\"url\":\"https:\/\/www.kurjerzy.pl\/blog\/wp-content\/uploads\/2025\/09\/blog_1229.jpg\",\"contentUrl\":\"https:\/\/www.kurjerzy.pl\/blog\/wp-content\/uploads\/2025\/09\/blog_1229.jpg\",\"width\":2306,\"height\":1537,\"caption\":\"Pakowanie roweru\"},{\"@type\":\"BreadcrumbList\",\"@id\":\"https:\/\/www.kurjerzy.pl\/blog\/porady\/sposoby-pakowania\/pakowanie-rowerow-i-wysylka-kurierem-co-warto-wiedziec\/#breadcrumb\",\"itemListElement\":[{\"@type\":\"ListItem\",\"position\":1,\"name\":\"Strona g\u0142\u00f3wna\",\"item\":\"https:\/\/www.kurjerzy.pl\/blog\/\"},{\"@type\":\"ListItem\",\"position\":2,\"name\":\"PAKOWANIE ROWER\u00d3W I WYSY\u0141KA KURIEREM \u2013 CO WARTO WIEDZIE\u0106?\"}]},{\"@type\":\"WebSite\",\"@id\":\"https:\/\/www.kurjerzy.pl\/blog\/#website\",\"url\":\"https:\/\/www.kurjerzy.pl\/blog\/\",\"name\":\"KurJerzy.pl | Blog KurJerzy.pl\",\"description\":\"Blog - Przesy\u0142ki i firmy kurierskie\",\"potentialAction\":[{\"@type\":\"SearchAction\",\"target\":{\"@type\":\"EntryPoint\",\"urlTemplate\":\"https:\/\/www.kurjerzy.pl\/blog\/?s={search_term_string}\"},\"query-input\":{\"@type\":\"PropertyValueSpecification\",\"valueRequired\":true,\"valueName\":\"search_term_string\"}}],\"inLanguage\":\"pl-PL\"},{\"@type\":\"Person\",\"@id\":\"https:\/\/www.kurjerzy.pl\/blog\/#\/schema\/person\/65848fe8948a599bcea8a0cc099de3b9\",\"name\":\"Marcin Lewicki\",\"image\":{\"@type\":\"ImageObject\",\"inLanguage\":\"pl-PL\",\"@id\":\"https:\/\/www.kurjerzy.pl\/blog\/#\/schema\/person\/image\/\",\"url\":\"https:\/\/www.kurjerzy.pl\/blog\/wp-content\/uploads\/2020\/04\/Redaktor_Lewicki-300x300-1-150x150.jpg\",\"contentUrl\":\"https:\/\/www.kurjerzy.pl\/blog\/wp-content\/uploads\/2020\/04\/Redaktor_Lewicki-300x300-1-150x150.jpg\",\"caption\":\"Marcin Lewicki\"},\"description\":\"Zapalony podr\u00f3\u017cnik, uwa\u017cny obserwator rynku spedycyjnego i dzia\u0142a\u0144 zwi\u0105zanych z logistyk\u0105. Dziennikarz i marketingowiec z zawodu i powo\u0142ania. By\u0142y reporter Radia Zet, oraz toru\u0144skiego Radia GRA. Absolwent Uniwersytetu Miko\u0142aja Kopernika w Toruniu. Od urodzenia mieszkaniec Grodu Kopernika, o kt\u00f3rym wie absolutnie wszystko. Prywatnie fan sportu, motoryzacji i pierog\u00f3w ruskich.\",\"url\":\"https:\/\/www.kurjerzy.pl\/blog\/author\/marcinlewicki\/\"}]}<\/script>\n<!-- \/ Yoast SEO plugin. -->","yoast_head_json":{"title":"PAKOWANIE ROWER\u00d3W I WYSY\u0141KA KURIEREM \u2013 CO WARTO WIEDZIE\u0106? | KurJerzy.pl","description":"Jedziesz na wakacje i chcesz zabra\u0107 ze sob\u0105 rower, ale nie masz jak go zapakowa\u0107 do auta? Na co zwr\u00f3ci\u0107 uwag\u0119, pakuj\u0105c rower? Podpowiadamy!","robots":{"index":"index","follow":"follow","max-snippet":"max-snippet:-1","max-image-preview":"max-image-preview:large","max-video-preview":"max-video-preview:-1"},"canonical":"https:\/\/www.kurjerzy.pl\/blog\/porady\/sposoby-pakowania\/pakowanie-rowerow-i-wysylka-kurierem-co-warto-wiedziec\/","og_locale":"pl_PL","og_type":"article","og_title":"PAKOWANIE ROWER\u00d3W I WYSY\u0141KA KURIEREM \u2013 CO WARTO WIEDZIE\u0106? | KurJerzy.pl","og_description":"Jedziesz na wakacje i chcesz zabra\u0107 ze sob\u0105 rower, ale nie masz jak go zapakowa\u0107 do auta? Na co zwr\u00f3ci\u0107 uwag\u0119, pakuj\u0105c rower? Podpowiadamy!","og_url":"https:\/\/www.kurjerzy.pl\/blog\/porady\/sposoby-pakowania\/pakowanie-rowerow-i-wysylka-kurierem-co-warto-wiedziec\/","og_site_name":"KurJerzy.pl | Blog KurJerzy.pl","article_publisher":"https:\/\/www.facebook.com\/KurJerzy","article_published_time":"2025-10-20T11:09:12+00:00","og_image":[{"width":2306,"height":1537,"url":"https:\/\/www.kurjerzy.pl\/blog\/wp-content\/uploads\/2025\/09\/blog_1229.jpg","type":"image\/jpeg"}],"author":"Marcin Lewicki","twitter_card":"summary_large_image","twitter_misc":{"Napisane przez":"Marcin Lewicki","Szacowany czas czytania":"4 minuty"},"schema":{"@context":"https:\/\/schema.org","@graph":[{"@type":"Article","@id":"https:\/\/www.kurjerzy.pl\/blog\/porady\/sposoby-pakowania\/pakowanie-rowerow-i-wysylka-kurierem-co-warto-wiedziec\/#article","isPartOf":{"@id":"https:\/\/www.kurjerzy.pl\/blog\/porady\/sposoby-pakowania\/pakowanie-rowerow-i-wysylka-kurierem-co-warto-wiedziec\/"},"author":{"name":"Marcin Lewicki","@id":"https:\/\/www.kurjerzy.pl\/blog\/#\/schema\/person\/65848fe8948a599bcea8a0cc099de3b9"},"headline":"PAKOWANIE ROWER\u00d3W I WYSY\u0141KA KURIEREM \u2013 CO WARTO WIEDZIE\u0106?","datePublished":"2025-10-20T11:09:12+00:00","mainEntityOfPage":{"@id":"https:\/\/www.kurjerzy.pl\/blog\/porady\/sposoby-pakowania\/pakowanie-rowerow-i-wysylka-kurierem-co-warto-wiedziec\/"},"wordCount":672,"image":{"@id":"https:\/\/www.kurjerzy.pl\/blog\/porady\/sposoby-pakowania\/pakowanie-rowerow-i-wysylka-kurierem-co-warto-wiedziec\/#primaryimage"},"thumbnailUrl":"https:\/\/www.kurjerzy.pl\/blog\/wp-content\/uploads\/2025\/09\/blog_1229.jpg","articleSection":["Sposoby pakowania"],"inLanguage":"pl-PL"},{"@type":"WebPage","@id":"https:\/\/www.kurjerzy.pl\/blog\/porady\/sposoby-pakowania\/pakowanie-rowerow-i-wysylka-kurierem-co-warto-wiedziec\/","url":"https:\/\/www.kurjerzy.pl\/blog\/porady\/sposoby-pakowania\/pakowanie-rowerow-i-wysylka-kurierem-co-warto-wiedziec\/","name":"PAKOWANIE ROWER\u00d3W I WYSY\u0141KA KURIEREM \u2013 CO WARTO WIEDZIE\u0106? | KurJerzy.pl","isPartOf":{"@id":"https:\/\/www.kurjerzy.pl\/blog\/#website"},"primaryImageOfPage":{"@id":"https:\/\/www.kurjerzy.pl\/blog\/porady\/sposoby-pakowania\/pakowanie-rowerow-i-wysylka-kurierem-co-warto-wiedziec\/#primaryimage"},"image":{"@id":"https:\/\/www.kurjerzy.pl\/blog\/porady\/sposoby-pakowania\/pakowanie-rowerow-i-wysylka-kurierem-co-warto-wiedziec\/#primaryimage"},"thumbnailUrl":"https:\/\/www.kurjerzy.pl\/blog\/wp-content\/uploads\/2025\/09\/blog_1229.jpg","datePublished":"2025-10-20T11:09:12+00:00","author":{"@id":"https:\/\/www.kurjerzy.pl\/blog\/#\/schema\/person\/65848fe8948a599bcea8a0cc099de3b9"},"description":"Jedziesz na wakacje i chcesz zabra\u0107 ze sob\u0105 rower, ale nie masz jak go zapakowa\u0107 do auta? Na co zwr\u00f3ci\u0107 uwag\u0119, pakuj\u0105c rower? Podpowiadamy!","breadcrumb":{"@id":"https:\/\/www.kurjerzy.pl\/blog\/porady\/sposoby-pakowania\/pakowanie-rowerow-i-wysylka-kurierem-co-warto-wiedziec\/#breadcrumb"},"inLanguage":"pl-PL","potentialAction":[{"@type":"ReadAction","target":["https:\/\/www.kurjerzy.pl\/blog\/porady\/sposoby-pakowania\/pakowanie-rowerow-i-wysylka-kurierem-co-warto-wiedziec\/"]}]},{"@type":"ImageObject","inLanguage":"pl-PL","@id":"https:\/\/www.kurjerzy.pl\/blog\/porady\/sposoby-pakowania\/pakowanie-rowerow-i-wysylka-kurierem-co-warto-wiedziec\/#primaryimage","url":"https:\/\/www.kurjerzy.pl\/blog\/wp-content\/uploads\/2025\/09\/blog_1229.jpg","contentUrl":"https:\/\/www.kurjerzy.pl\/blog\/wp-content\/uploads\/2025\/09\/blog_1229.jpg","width":2306,"height":1537,"caption":"Pakowanie roweru"},{"@type":"BreadcrumbList","@id":"https:\/\/www.kurjerzy.pl\/blog\/porady\/sposoby-pakowania\/pakowanie-rowerow-i-wysylka-kurierem-co-warto-wiedziec\/#breadcrumb","itemListElement":[{"@type":"ListItem","position":1,"name":"Strona g\u0142\u00f3wna","item":"https:\/\/www.kurjerzy.pl\/blog\/"},{"@type":"ListItem","position":2,"name":"PAKOWANIE ROWER\u00d3W I WYSY\u0141KA KURIEREM \u2013 CO WARTO WIEDZIE\u0106?"}]},{"@type":"WebSite","@id":"https:\/\/www.kurjerzy.pl\/blog\/#website","url":"https:\/\/www.kurjerzy.pl\/blog\/","name":"KurJerzy.pl | Blog KurJerzy.pl","description":"Blog - Przesy\u0142ki i firmy kurierskie","potentialAction":[{"@type":"SearchAction","target":{"@type":"EntryPoint","urlTemplate":"https:\/\/www.kurjerzy.pl\/blog\/?s={search_term_string}"},"query-input":{"@type":"PropertyValueSpecification","valueRequired":true,"valueName":"search_term_string"}}],"inLanguage":"pl-PL"},{"@type":"Person","@id":"https:\/\/www.kurjerzy.pl\/blog\/#\/schema\/person\/65848fe8948a599bcea8a0cc099de3b9","name":"Marcin Lewicki","image":{"@type":"ImageObject","inLanguage":"pl-PL","@id":"https:\/\/www.kurjerzy.pl\/blog\/#\/schema\/person\/image\/","url":"https:\/\/www.kurjerzy.pl\/blog\/wp-content\/uploads\/2020\/04\/Redaktor_Lewicki-300x300-1-150x150.jpg","contentUrl":"https:\/\/www.kurjerzy.pl\/blog\/wp-content\/uploads\/2020\/04\/Redaktor_Lewicki-300x300-1-150x150.jpg","caption":"Marcin Lewicki"},"description":"Zapalony podr\u00f3\u017cnik, uwa\u017cny obserwator rynku spedycyjnego i dzia\u0142a\u0144 zwi\u0105zanych z logistyk\u0105. Dziennikarz i marketingowiec z zawodu i powo\u0142ania. By\u0142y reporter Radia Zet, oraz toru\u0144skiego Radia GRA. Absolwent Uniwersytetu Miko\u0142aja Kopernika w Toruniu. Od urodzenia mieszkaniec Grodu Kopernika, o kt\u00f3rym wie absolutnie wszystko. Prywatnie fan sportu, motoryzacji i pierog\u00f3w ruskich.","url":"https:\/\/www.kurjerzy.pl\/blog\/author\/marcinlewicki\/"}]}},"_links":{"self":[{"href":"https:\/\/www.kurjerzy.pl\/blog\/wp-json\/wp\/v2\/posts\/28909","targetHints":{"allow":["GET"]}}],"collection":[{"href":"https:\/\/www.kurjerzy.pl\/blog\/wp-json\/wp\/v2\/posts"}],"about":[{"href":"https:\/\/www.kurjerzy.pl\/blog\/wp-json\/wp\/v2\/types\/post"}],"author":[{"embeddable":true,"href":"https:\/\/www.kurjerzy.pl\/blog\/wp-json\/wp\/v2\/users\/33"}],"replies":[{"embeddable":true,"href":"https:\/\/www.kurjerzy.pl\/blog\/wp-json\/wp\/v2\/comments?post=28909"}],"version-history":[{"count":4,"href":"https:\/\/www.kurjerzy.pl\/blog\/wp-json\/wp\/v2\/posts\/28909\/revisions"}],"predecessor-version":[{"id":29034,"href":"https:\/\/www.kurjerzy.pl\/blog\/wp-json\/wp\/v2\/posts\/28909\/revisions\/29034"}],"wp:featuredmedia":[{"embeddable":true,"href":"https:\/\/www.kurjerzy.pl\/blog\/wp-json\/wp\/v2\/media\/28933"}],"wp:attachment":[{"href":"https:\/\/www.kurjerzy.pl\/blog\/wp-json\/wp\/v2\/media?parent=28909"}],"wp:term":[{"taxonomy":"category","embeddable":true,"href":"https:\/\/www.kurjerzy.pl\/blog\/wp-json\/wp\/v2\/categories?post=28909"},{"taxonomy":"post_tag","embeddable":true,"href":"https:\/\/www.kurjerzy.pl\/blog\/wp-json\/wp\/v2\/tags?post=28909"}],"curies":[{"name":"wp","href":"https:\/\/api.w.org\/{rel}","templated":true}]}}