{"id":27019,"date":"2023-12-11T05:26:30","date_gmt":"2023-12-11T04:26:30","guid":{"rendered":"https:\/\/www.kurjerzy.pl\/blog\/?p=27019"},"modified":"2025-06-03T11:56:36","modified_gmt":"2025-06-03T09:56:36","slug":"firmy-kurierskie-zwracaja-coraz-wieksza-uwage-na-slad-weglowy-jak-go-obliczyc","status":"publish","type":"post","link":"https:\/\/www.kurjerzy.pl\/blog\/logistyka-w-eccommerce\/firmy-kurierskie-zwracaja-coraz-wieksza-uwage-na-slad-weglowy-jak-go-obliczyc\/","title":{"rendered":"Firmy kurierskie zwracaj\u0105 coraz wi\u0119ksz\u0105 uwag\u0119 na \u015blad w\u0119glowy. Jak go obliczy\u0107?"},"content":{"rendered":"<p class=\"introduction\">\u015alad w\u0119glowy przesy\u0142ki kurierskiej do niedawna by\u0142 postrzegany marginalnie, ale \u2013 co pokazuje przyk\u0142ad InPost i <a target=\"_blank\" href=\"https:\/\/www.kurjerzy.pl\/cennik-inpost\" rel=\"noopener\">Paczkomat\u00f3w<\/a> \u2013 zaczyna by\u0107 bardzo wa\u017cny dla bran\u017cy kurierskiej. Jak mo\u017cna go obliczy\u0107? M.in. temu po\u015bwi\u0119cona jest kampania InPost w ramach aplikacji mobilnej.<\/p>\n<p><!--more--><\/p>\n<p>W najnowszej wersji aplikacji InPost wdro\u017cy\u0142 raczej niespotykan\u0105 w przypadku konkurencji funkcj\u0119, kt\u00f3ra umo\u017cliwia u\u017cytkownikom \u015bledzenie \u015bladu w\u0119glowego generowanego przez dostarczane do nich przesy\u0142ki. Ta nowa funkcja wykorzystuje metod\u0119 WTW (Well-to-Wheel) do dok\u0142adnego obliczania wp\u0142ywu ekologicznego. I cho\u0107 mo\u017cna zapewne powiedzie\u0107, \u017ce klient\u00f3w zdecydowanie bardziej b\u0119dzie interesowa\u0107 np. tracking przesy\u0142ki, na zestawienie informacji o \u015bladzie w\u0119glowym warto spojrze\u0107 z przychylno\u015bci\u0105 \u2013 to kolejny krok do tego, by budowa\u0107 w spo\u0142ecze\u0144stwie wiedz\u0119 i \u015bwiadomo\u015b\u0107 o tym, jak np. na \u015brodowisko mo\u017ce oddzia\u0142ywa\u0107 zb\u0119dnie zam\u00f3wiona paczka kurierska.<\/p>\n<h3>\u015alad w\u0119glowy w analizie InPost \u2013 jak to w\u0142a\u015bciwie dzia\u0142a?<\/h3>\n<p>Odpowied\u017a jest prosta: bardzo dobrze! InPost prezentuje \u015blad w\u0119glowy przesy\u0142ek w formacie kilogram\u00f3w CO2e. Oznacza to, \u017ce uwzgl\u0119dniane s\u0105 nie tylko emisje dwutlenku w\u0119gla, ale r\u00f3wnie\u017c innych gaz\u00f3w cieplarnianych takich jak metan czy podtlenek azotu. Ciekawe jest to, \u017ce \u015blad w\u0119glowy paczki obliczany jest nie tylko na podstawie emisji z transportu. Wlicza si\u0119 r\u00f3wnie\u017c wp\u0142yw ogrzewania i zu\u017cycia energii w oddzia\u0142ach firmy, a tak\u017ce transfer danych i infrastruktur\u0119 IT, kt\u00f3ra umo\u017cliwia \u015bledzenie przesy\u0142ek przez klient\u00f3w i kurier\u00f3w. W przypadku dostaw przez Paczkomaty, uwzgl\u0119dniane s\u0105 tak\u017ce emisje wynikaj\u0105ce z zu\u017cycia przez nie energii elektrycznej.<\/p>\n<h3>Paczka do Paczkomatu a ta, kt\u00f3ra trafia do odbiorcy<\/h3>\n<p>Sp\u00f3jrzmy, jak InPost analizuje to, jaka jest r\u00f3\u017cnica pomi\u0119dzy przesy\u0142k\u0105 do domu lub biura, a t\u0105 do automatu paczkowego. Firma zwraca uwag\u0119 na znacz\u0105c\u0105 r\u00f3\u017cnic\u0119 w \u015bladzie w\u0119glowym mi\u0119dzy paczkami dostarczanymi do Paczkomat\u00f3w a tymi dor\u0119czanymi bezpo\u015brednio do klient\u00f3w. \u015aredni \u015blad w\u0119glowy przesy\u0142ki dostarczonej do Paczkomatu wynosi 0,084 kg CO2e, w tym tak\u017ce \u015blad w\u0119glowy samego konsumenta wynosz\u0105cy 0,036 kg CO2e. Natomiast paczki dostarczane do dom\u00f3w generuj\u0105 \u015brednio 0,443 kg CO2e. R\u00f3\u017cnica jest widoczna.<\/p>\n<p>I na to te\u017c zwraca uwag\u0119 InPost. Podkre\u015bla, \u017ce r\u00f3\u017cnica w \u015bladzie w\u0119glowym przy czterech przesy\u0142kach mo\u017ce by\u0107 por\u00f3wnywalna do rezygnacji z sze\u015bciu fili\u017canek kawy lub trzech prysznic\u00f3w. Informacje o \u015bladzie w\u0119glowym b\u0119d\u0105 stale aktualizowane, bazuj\u0105c na danych z oddzia\u0142\u00f3w, przez kt\u00f3re przemierza dana paczka.<\/p>\n<h3>Czy zastanawiamy si\u0119, jak zakupy wp\u0142ywaj\u0105 na \u015brodowisko?<\/h3>\n<p>Wraz z popularno\u015bci\u0105 e-commerce warto zwr\u00f3ci\u0107 uwag\u0119 na to, jaki maj\u0105 one wp\u0142yw na \u015brodowisko \u2013 kluczowy jest tu oczywi\u015bci wspomniany \u015blad w\u0119glowy przesy\u0142ki. To ilo\u015b\u0107 gaz\u00f3w cieplarnianych, takich jak CO2, metan czy podtlenek azotu, wyemitowanych przez dzia\u0142alno\u015b\u0107 cz\u0142owieka, firmy lub kraju. Transport, w tym przesy\u0142ki kurierskie, stanowi znacz\u0105c\u0105 cz\u0119\u015b\u0107 tego \u015bladu, zw\u0142aszcza w Unii Europejskiej, gdzie transport drogowy jest jednym z g\u0142\u00f3wnych \u017ar\u00f3de\u0142 emisji gaz\u00f3w cieplarnianych, zaraz po sektorze energetycznym.<\/p>\n<p>Oczywi\u015bcie sam \u015blad w\u0119glowy przesy\u0142ki zale\u017cy od wielu czynnik\u00f3w, takich jak waga i wymiary paczki, czas dostawy, typ u\u017cywanego pojazdu, a tak\u017ce trasa przewo\u017anika. W praktyce puste przejazdy czy niewystarczaj\u0105co za\u0142adowane pojazdy dostawcze przek\u0142adaj\u0105 si\u0119 na wy\u017cszy \u015blad w\u0119glowy dla przesy\u0142ek.<\/p>\n<h3>Co mo\u017cna zrobi\u0107, by ogranicza\u0107 \u015blad w\u0119glowy przesy\u0142ek kurierskich?<\/h3>\n<p>Oczywi\u015bcie trudno liczy\u0107 na ograniczenie przesy\u0142ek do minimum, ale mo\u017cna spojrze\u0107 na kilka rozwi\u0105za\u0144, dzi\u0119ki kt\u00f3rym \u015blad w\u0119glowy b\u0119dzie symbolicznie mniejszy. Przyk\u0142adem mo\u017ce by\u0107 zamawianie produkt\u00f3w od lokalnych dostawc\u00f3w zmniejsza potrzeb\u0119 d\u0142ugich transport\u00f3w, szczeg\u00f3lnie z zagranicy. Specjali\u015bci od ekologii i zr\u00f3wnowa\u017conego transportu wskazuj\u0105 te\u017c, by unika\u0107 dostaw ekspresowych, bo te cz\u0119sto realizowane s\u0105 przez niepe\u0142ne pojazdy, co zwi\u0119ksza \u015blad w\u0119glowy.<\/p>\n<p>Wa\u017cne jest te\u017c to, o czym wspomina InPost: wybieranie punkt\u00f3w odbioru, co redukuje emisje CO2, szczeg\u00f3lnie na ostatnim etapie dostawy, zwanym &#8222;ostatni\u0105 mil\u0105&#8221;. Dobr\u0105 opcj\u0105 s\u0105 te\u017c ekologiczne opakowania \u2013 materia\u0142y nadaj\u0105ce si\u0119 do recyklingu, jak papier czy szk\u0142o, zmniejsza ilo\u015b\u0107 odpad\u00f3w. Du\u017ce znaczenie odgrywaj\u0105 te\u017c efektywne zwroty kurierskie. Wyb\u00f3r sprzedawc\u00f3w internetowych, kt\u00f3rzy zapewniaj\u0105 kompleksow\u0105 <a href=\"https:\/\/www.kurjerzy.pl\/przesylki-zwrotne\">obs\u0142ug\u0119 zwrot\u00f3w<\/a> pomaga optymalizowa\u0107 trasy i przewo\u017anik\u00f3w, zmniejszaj\u0105c \u015blad w\u0119glowy i przyspieszaj\u0105c proces.<\/p>\n\n      <br>\n      <div style=\"max-width:790px;height:920px;border: 1px solid #ECECEC;\">\n      <iframe style=\"width:100%;height:100%;border:0;\" src=\"https:\/\/kurjerzy.pl\/widget?type=1&sender_country=PL&recipient_country=PL\"><\/iframe>\n      <\/div>\n      ","protected":false},"excerpt":{"rendered":"<p>\u015alad w\u0119glowy przesy\u0142ki kurierskiej do niedawna by\u0142 postrzegany marginalnie, ale \u2013 co pokazuje przyk\u0142ad InPost i Paczkomat\u00f3w \u2013 zaczyna by\u0107 bardzo wa\u017cny dla bran\u017cy kurierskiej. Jak mo\u017cna go obliczy\u0107? M.in. temu po\u015bwi\u0119cona jest kampania InPost w ramach aplikacji mobilnej.<\/p>\n","protected":false},"author":12,"featured_media":27028,"comment_status":"closed","ping_status":"closed","sticky":false,"template":"","format":"standard","meta":{"footnotes":""},"categories":[2527],"tags":[2008,1228],"class_list":["post-27019","post","type-post","status-publish","format-standard","has-post-thumbnail","hentry","category-logistyka-w-eccommerce","tag-aplikacja","tag-inpost"],"yoast_head":"<!-- This site is optimized with the Yoast SEO plugin v26.7 - https:\/\/yoast.com\/wordpress\/plugins\/seo\/ -->\n<title>Firmy kurierskie zwracaj\u0105 coraz wi\u0119ksz\u0105 uwag\u0119 na \u015blad w\u0119glowy. Jak go obliczy\u0107? | KurJerzy.pl<\/title>\n<meta name=\"description\" content=\"\u015alad w\u0119glowy przesy\u0142ki kurierskiej do niedawna by\u0142 postrzegany marginalnie, ale to zaczyna si\u0119 zmienia\u0107 dzi\u0119ki aplikacji InPost.\" \/>\n<meta name=\"robots\" content=\"index, follow, max-snippet:-1, max-image-preview:large, max-video-preview:-1\" \/>\n<link rel=\"canonical\" href=\"https:\/\/www.kurjerzy.pl\/blog\/logistyka-w-eccommerce\/firmy-kurierskie-zwracaja-coraz-wieksza-uwage-na-slad-weglowy-jak-go-obliczyc\/\" \/>\n<meta property=\"og:locale\" content=\"pl_PL\" \/>\n<meta property=\"og:type\" content=\"article\" \/>\n<meta property=\"og:title\" content=\"Firmy kurierskie zwracaj\u0105 coraz wi\u0119ksz\u0105 uwag\u0119 na \u015blad w\u0119glowy. Jak go obliczy\u0107? | KurJerzy.pl\" \/>\n<meta property=\"og:description\" content=\"\u015alad w\u0119glowy przesy\u0142ki kurierskiej do niedawna by\u0142 postrzegany marginalnie, ale to zaczyna si\u0119 zmienia\u0107 dzi\u0119ki aplikacji InPost.\" \/>\n<meta property=\"og:url\" content=\"https:\/\/www.kurjerzy.pl\/blog\/logistyka-w-eccommerce\/firmy-kurierskie-zwracaja-coraz-wieksza-uwage-na-slad-weglowy-jak-go-obliczyc\/\" \/>\n<meta property=\"og:site_name\" content=\"KurJerzy.pl | Blog KurJerzy.pl\" \/>\n<meta property=\"article:publisher\" content=\"https:\/\/www.facebook.com\/KurJerzy\" \/>\n<meta property=\"article:published_time\" content=\"2023-12-11T04:26:30+00:00\" \/>\n<meta property=\"article:modified_time\" content=\"2025-06-03T09:56:36+00:00\" \/>\n<meta property=\"og:image\" content=\"https:\/\/www.kurjerzy.pl\/blog\/wp-content\/uploads\/2023\/11\/blog_1169-1024x683.jpg\" \/>\n\t<meta property=\"og:image:width\" content=\"1024\" \/>\n\t<meta property=\"og:image:height\" content=\"683\" \/>\n\t<meta property=\"og:image:type\" content=\"image\/jpeg\" \/>\n<meta name=\"author\" content=\"Pawe\u0142 Rzeski\" \/>\n<meta name=\"twitter:card\" content=\"summary_large_image\" \/>\n<meta name=\"twitter:label1\" content=\"Napisane przez\" \/>\n\t<meta name=\"twitter:data1\" content=\"Pawe\u0142 Rzeski\" \/>\n\t<meta name=\"twitter:label2\" content=\"Szacowany czas czytania\" \/>\n\t<meta name=\"twitter:data2\" content=\"4 minuty\" \/>\n<script type=\"application\/ld+json\" class=\"yoast-schema-graph\">{\"@context\":\"https:\/\/schema.org\",\"@graph\":[{\"@type\":\"Article\",\"@id\":\"https:\/\/www.kurjerzy.pl\/blog\/logistyka-w-eccommerce\/firmy-kurierskie-zwracaja-coraz-wieksza-uwage-na-slad-weglowy-jak-go-obliczyc\/#article\",\"isPartOf\":{\"@id\":\"https:\/\/www.kurjerzy.pl\/blog\/logistyka-w-eccommerce\/firmy-kurierskie-zwracaja-coraz-wieksza-uwage-na-slad-weglowy-jak-go-obliczyc\/\"},\"author\":{\"name\":\"Pawe\u0142 Rzeski\",\"@id\":\"https:\/\/www.kurjerzy.pl\/blog\/#\/schema\/person\/3b3ec71b8f714565eb6b704685099357\"},\"headline\":\"Firmy kurierskie zwracaj\u0105 coraz wi\u0119ksz\u0105 uwag\u0119 na \u015blad w\u0119glowy. Jak go obliczy\u0107?\",\"datePublished\":\"2023-12-11T04:26:30+00:00\",\"dateModified\":\"2025-06-03T09:56:36+00:00\",\"mainEntityOfPage\":{\"@id\":\"https:\/\/www.kurjerzy.pl\/blog\/logistyka-w-eccommerce\/firmy-kurierskie-zwracaja-coraz-wieksza-uwage-na-slad-weglowy-jak-go-obliczyc\/\"},\"wordCount\":784,\"image\":{\"@id\":\"https:\/\/www.kurjerzy.pl\/blog\/logistyka-w-eccommerce\/firmy-kurierskie-zwracaja-coraz-wieksza-uwage-na-slad-weglowy-jak-go-obliczyc\/#primaryimage\"},\"thumbnailUrl\":\"https:\/\/www.kurjerzy.pl\/blog\/wp-content\/uploads\/2023\/11\/blog_1169.jpg\",\"keywords\":[\"aplikacja\",\"inpost\"],\"articleSection\":[\"Logistyka w e-commerce\"],\"inLanguage\":\"pl-PL\"},{\"@type\":\"WebPage\",\"@id\":\"https:\/\/www.kurjerzy.pl\/blog\/logistyka-w-eccommerce\/firmy-kurierskie-zwracaja-coraz-wieksza-uwage-na-slad-weglowy-jak-go-obliczyc\/\",\"url\":\"https:\/\/www.kurjerzy.pl\/blog\/logistyka-w-eccommerce\/firmy-kurierskie-zwracaja-coraz-wieksza-uwage-na-slad-weglowy-jak-go-obliczyc\/\",\"name\":\"Firmy kurierskie zwracaj\u0105 coraz wi\u0119ksz\u0105 uwag\u0119 na \u015blad w\u0119glowy. Jak go obliczy\u0107? | KurJerzy.pl\",\"isPartOf\":{\"@id\":\"https:\/\/www.kurjerzy.pl\/blog\/#website\"},\"primaryImageOfPage\":{\"@id\":\"https:\/\/www.kurjerzy.pl\/blog\/logistyka-w-eccommerce\/firmy-kurierskie-zwracaja-coraz-wieksza-uwage-na-slad-weglowy-jak-go-obliczyc\/#primaryimage\"},\"image\":{\"@id\":\"https:\/\/www.kurjerzy.pl\/blog\/logistyka-w-eccommerce\/firmy-kurierskie-zwracaja-coraz-wieksza-uwage-na-slad-weglowy-jak-go-obliczyc\/#primaryimage\"},\"thumbnailUrl\":\"https:\/\/www.kurjerzy.pl\/blog\/wp-content\/uploads\/2023\/11\/blog_1169.jpg\",\"datePublished\":\"2023-12-11T04:26:30+00:00\",\"dateModified\":\"2025-06-03T09:56:36+00:00\",\"author\":{\"@id\":\"https:\/\/www.kurjerzy.pl\/blog\/#\/schema\/person\/3b3ec71b8f714565eb6b704685099357\"},\"description\":\"\u015alad w\u0119glowy przesy\u0142ki kurierskiej do niedawna by\u0142 postrzegany marginalnie, ale to zaczyna si\u0119 zmienia\u0107 dzi\u0119ki aplikacji InPost.\",\"breadcrumb\":{\"@id\":\"https:\/\/www.kurjerzy.pl\/blog\/logistyka-w-eccommerce\/firmy-kurierskie-zwracaja-coraz-wieksza-uwage-na-slad-weglowy-jak-go-obliczyc\/#breadcrumb\"},\"inLanguage\":\"pl-PL\",\"potentialAction\":[{\"@type\":\"ReadAction\",\"target\":[\"https:\/\/www.kurjerzy.pl\/blog\/logistyka-w-eccommerce\/firmy-kurierskie-zwracaja-coraz-wieksza-uwage-na-slad-weglowy-jak-go-obliczyc\/\"]}]},{\"@type\":\"ImageObject\",\"inLanguage\":\"pl-PL\",\"@id\":\"https:\/\/www.kurjerzy.pl\/blog\/logistyka-w-eccommerce\/firmy-kurierskie-zwracaja-coraz-wieksza-uwage-na-slad-weglowy-jak-go-obliczyc\/#primaryimage\",\"url\":\"https:\/\/www.kurjerzy.pl\/blog\/wp-content\/uploads\/2023\/11\/blog_1169.jpg\",\"contentUrl\":\"https:\/\/www.kurjerzy.pl\/blog\/wp-content\/uploads\/2023\/11\/blog_1169.jpg\",\"width\":2306,\"height\":1537,\"caption\":\"\u015alad w\u0119glowy\"},{\"@type\":\"BreadcrumbList\",\"@id\":\"https:\/\/www.kurjerzy.pl\/blog\/logistyka-w-eccommerce\/firmy-kurierskie-zwracaja-coraz-wieksza-uwage-na-slad-weglowy-jak-go-obliczyc\/#breadcrumb\",\"itemListElement\":[{\"@type\":\"ListItem\",\"position\":1,\"name\":\"Strona g\u0142\u00f3wna\",\"item\":\"https:\/\/www.kurjerzy.pl\/blog\/\"},{\"@type\":\"ListItem\",\"position\":2,\"name\":\"Firmy kurierskie zwracaj\u0105 coraz wi\u0119ksz\u0105 uwag\u0119 na \u015blad w\u0119glowy. Jak go obliczy\u0107?\"}]},{\"@type\":\"WebSite\",\"@id\":\"https:\/\/www.kurjerzy.pl\/blog\/#website\",\"url\":\"https:\/\/www.kurjerzy.pl\/blog\/\",\"name\":\"KurJerzy.pl | Blog KurJerzy.pl\",\"description\":\"Blog - Przesy\u0142ki i firmy kurierskie\",\"potentialAction\":[{\"@type\":\"SearchAction\",\"target\":{\"@type\":\"EntryPoint\",\"urlTemplate\":\"https:\/\/www.kurjerzy.pl\/blog\/?s={search_term_string}\"},\"query-input\":{\"@type\":\"PropertyValueSpecification\",\"valueRequired\":true,\"valueName\":\"search_term_string\"}}],\"inLanguage\":\"pl-PL\"},{\"@type\":\"Person\",\"@id\":\"https:\/\/www.kurjerzy.pl\/blog\/#\/schema\/person\/3b3ec71b8f714565eb6b704685099357\",\"name\":\"Pawe\u0142 Rzeski\",\"image\":{\"@type\":\"ImageObject\",\"inLanguage\":\"pl-PL\",\"@id\":\"https:\/\/www.kurjerzy.pl\/blog\/#\/schema\/person\/image\/\",\"url\":\"https:\/\/www.kurjerzy.pl\/blog\/wp-content\/uploads\/2022\/04\/pawrze-150x150.jpg\",\"contentUrl\":\"https:\/\/www.kurjerzy.pl\/blog\/wp-content\/uploads\/2022\/04\/pawrze-150x150.jpg\",\"caption\":\"Pawe\u0142 Rzeski\"},\"description\":\"Dziennikarz-freelancer; od lat zwi\u0105zany z sektorem logistycznym. Mi\u0142o\u015bnik kolei oraz wszelkich form dostaw opartych na tej formie \u0142a\u0144cucha dostaw.\",\"url\":\"https:\/\/www.kurjerzy.pl\/blog\/author\/pawelrzekanowski\/\"}]}<\/script>\n<!-- \/ Yoast SEO plugin. -->","yoast_head_json":{"title":"Firmy kurierskie zwracaj\u0105 coraz wi\u0119ksz\u0105 uwag\u0119 na \u015blad w\u0119glowy. Jak go obliczy\u0107? | KurJerzy.pl","description":"\u015alad w\u0119glowy przesy\u0142ki kurierskiej do niedawna by\u0142 postrzegany marginalnie, ale to zaczyna si\u0119 zmienia\u0107 dzi\u0119ki aplikacji InPost.","robots":{"index":"index","follow":"follow","max-snippet":"max-snippet:-1","max-image-preview":"max-image-preview:large","max-video-preview":"max-video-preview:-1"},"canonical":"https:\/\/www.kurjerzy.pl\/blog\/logistyka-w-eccommerce\/firmy-kurierskie-zwracaja-coraz-wieksza-uwage-na-slad-weglowy-jak-go-obliczyc\/","og_locale":"pl_PL","og_type":"article","og_title":"Firmy kurierskie zwracaj\u0105 coraz wi\u0119ksz\u0105 uwag\u0119 na \u015blad w\u0119glowy. Jak go obliczy\u0107? | KurJerzy.pl","og_description":"\u015alad w\u0119glowy przesy\u0142ki kurierskiej do niedawna by\u0142 postrzegany marginalnie, ale to zaczyna si\u0119 zmienia\u0107 dzi\u0119ki aplikacji InPost.","og_url":"https:\/\/www.kurjerzy.pl\/blog\/logistyka-w-eccommerce\/firmy-kurierskie-zwracaja-coraz-wieksza-uwage-na-slad-weglowy-jak-go-obliczyc\/","og_site_name":"KurJerzy.pl | Blog KurJerzy.pl","article_publisher":"https:\/\/www.facebook.com\/KurJerzy","article_published_time":"2023-12-11T04:26:30+00:00","article_modified_time":"2025-06-03T09:56:36+00:00","og_image":[{"width":1024,"height":683,"url":"https:\/\/www.kurjerzy.pl\/blog\/wp-content\/uploads\/2023\/11\/blog_1169-1024x683.jpg","type":"image\/jpeg"}],"author":"Pawe\u0142 Rzeski","twitter_card":"summary_large_image","twitter_misc":{"Napisane przez":"Pawe\u0142 Rzeski","Szacowany czas czytania":"4 minuty"},"schema":{"@context":"https:\/\/schema.org","@graph":[{"@type":"Article","@id":"https:\/\/www.kurjerzy.pl\/blog\/logistyka-w-eccommerce\/firmy-kurierskie-zwracaja-coraz-wieksza-uwage-na-slad-weglowy-jak-go-obliczyc\/#article","isPartOf":{"@id":"https:\/\/www.kurjerzy.pl\/blog\/logistyka-w-eccommerce\/firmy-kurierskie-zwracaja-coraz-wieksza-uwage-na-slad-weglowy-jak-go-obliczyc\/"},"author":{"name":"Pawe\u0142 Rzeski","@id":"https:\/\/www.kurjerzy.pl\/blog\/#\/schema\/person\/3b3ec71b8f714565eb6b704685099357"},"headline":"Firmy kurierskie zwracaj\u0105 coraz wi\u0119ksz\u0105 uwag\u0119 na \u015blad w\u0119glowy. Jak go obliczy\u0107?","datePublished":"2023-12-11T04:26:30+00:00","dateModified":"2025-06-03T09:56:36+00:00","mainEntityOfPage":{"@id":"https:\/\/www.kurjerzy.pl\/blog\/logistyka-w-eccommerce\/firmy-kurierskie-zwracaja-coraz-wieksza-uwage-na-slad-weglowy-jak-go-obliczyc\/"},"wordCount":784,"image":{"@id":"https:\/\/www.kurjerzy.pl\/blog\/logistyka-w-eccommerce\/firmy-kurierskie-zwracaja-coraz-wieksza-uwage-na-slad-weglowy-jak-go-obliczyc\/#primaryimage"},"thumbnailUrl":"https:\/\/www.kurjerzy.pl\/blog\/wp-content\/uploads\/2023\/11\/blog_1169.jpg","keywords":["aplikacja","inpost"],"articleSection":["Logistyka w e-commerce"],"inLanguage":"pl-PL"},{"@type":"WebPage","@id":"https:\/\/www.kurjerzy.pl\/blog\/logistyka-w-eccommerce\/firmy-kurierskie-zwracaja-coraz-wieksza-uwage-na-slad-weglowy-jak-go-obliczyc\/","url":"https:\/\/www.kurjerzy.pl\/blog\/logistyka-w-eccommerce\/firmy-kurierskie-zwracaja-coraz-wieksza-uwage-na-slad-weglowy-jak-go-obliczyc\/","name":"Firmy kurierskie zwracaj\u0105 coraz wi\u0119ksz\u0105 uwag\u0119 na \u015blad w\u0119glowy. Jak go obliczy\u0107? | KurJerzy.pl","isPartOf":{"@id":"https:\/\/www.kurjerzy.pl\/blog\/#website"},"primaryImageOfPage":{"@id":"https:\/\/www.kurjerzy.pl\/blog\/logistyka-w-eccommerce\/firmy-kurierskie-zwracaja-coraz-wieksza-uwage-na-slad-weglowy-jak-go-obliczyc\/#primaryimage"},"image":{"@id":"https:\/\/www.kurjerzy.pl\/blog\/logistyka-w-eccommerce\/firmy-kurierskie-zwracaja-coraz-wieksza-uwage-na-slad-weglowy-jak-go-obliczyc\/#primaryimage"},"thumbnailUrl":"https:\/\/www.kurjerzy.pl\/blog\/wp-content\/uploads\/2023\/11\/blog_1169.jpg","datePublished":"2023-12-11T04:26:30+00:00","dateModified":"2025-06-03T09:56:36+00:00","author":{"@id":"https:\/\/www.kurjerzy.pl\/blog\/#\/schema\/person\/3b3ec71b8f714565eb6b704685099357"},"description":"\u015alad w\u0119glowy przesy\u0142ki kurierskiej do niedawna by\u0142 postrzegany marginalnie, ale to zaczyna si\u0119 zmienia\u0107 dzi\u0119ki aplikacji InPost.","breadcrumb":{"@id":"https:\/\/www.kurjerzy.pl\/blog\/logistyka-w-eccommerce\/firmy-kurierskie-zwracaja-coraz-wieksza-uwage-na-slad-weglowy-jak-go-obliczyc\/#breadcrumb"},"inLanguage":"pl-PL","potentialAction":[{"@type":"ReadAction","target":["https:\/\/www.kurjerzy.pl\/blog\/logistyka-w-eccommerce\/firmy-kurierskie-zwracaja-coraz-wieksza-uwage-na-slad-weglowy-jak-go-obliczyc\/"]}]},{"@type":"ImageObject","inLanguage":"pl-PL","@id":"https:\/\/www.kurjerzy.pl\/blog\/logistyka-w-eccommerce\/firmy-kurierskie-zwracaja-coraz-wieksza-uwage-na-slad-weglowy-jak-go-obliczyc\/#primaryimage","url":"https:\/\/www.kurjerzy.pl\/blog\/wp-content\/uploads\/2023\/11\/blog_1169.jpg","contentUrl":"https:\/\/www.kurjerzy.pl\/blog\/wp-content\/uploads\/2023\/11\/blog_1169.jpg","width":2306,"height":1537,"caption":"\u015alad w\u0119glowy"},{"@type":"BreadcrumbList","@id":"https:\/\/www.kurjerzy.pl\/blog\/logistyka-w-eccommerce\/firmy-kurierskie-zwracaja-coraz-wieksza-uwage-na-slad-weglowy-jak-go-obliczyc\/#breadcrumb","itemListElement":[{"@type":"ListItem","position":1,"name":"Strona g\u0142\u00f3wna","item":"https:\/\/www.kurjerzy.pl\/blog\/"},{"@type":"ListItem","position":2,"name":"Firmy kurierskie zwracaj\u0105 coraz wi\u0119ksz\u0105 uwag\u0119 na \u015blad w\u0119glowy. Jak go obliczy\u0107?"}]},{"@type":"WebSite","@id":"https:\/\/www.kurjerzy.pl\/blog\/#website","url":"https:\/\/www.kurjerzy.pl\/blog\/","name":"KurJerzy.pl | Blog KurJerzy.pl","description":"Blog - Przesy\u0142ki i firmy kurierskie","potentialAction":[{"@type":"SearchAction","target":{"@type":"EntryPoint","urlTemplate":"https:\/\/www.kurjerzy.pl\/blog\/?s={search_term_string}"},"query-input":{"@type":"PropertyValueSpecification","valueRequired":true,"valueName":"search_term_string"}}],"inLanguage":"pl-PL"},{"@type":"Person","@id":"https:\/\/www.kurjerzy.pl\/blog\/#\/schema\/person\/3b3ec71b8f714565eb6b704685099357","name":"Pawe\u0142 Rzeski","image":{"@type":"ImageObject","inLanguage":"pl-PL","@id":"https:\/\/www.kurjerzy.pl\/blog\/#\/schema\/person\/image\/","url":"https:\/\/www.kurjerzy.pl\/blog\/wp-content\/uploads\/2022\/04\/pawrze-150x150.jpg","contentUrl":"https:\/\/www.kurjerzy.pl\/blog\/wp-content\/uploads\/2022\/04\/pawrze-150x150.jpg","caption":"Pawe\u0142 Rzeski"},"description":"Dziennikarz-freelancer; od lat zwi\u0105zany z sektorem logistycznym. Mi\u0142o\u015bnik kolei oraz wszelkich form dostaw opartych na tej formie \u0142a\u0144cucha dostaw.","url":"https:\/\/www.kurjerzy.pl\/blog\/author\/pawelrzekanowski\/"}]}},"_links":{"self":[{"href":"https:\/\/www.kurjerzy.pl\/blog\/wp-json\/wp\/v2\/posts\/27019","targetHints":{"allow":["GET"]}}],"collection":[{"href":"https:\/\/www.kurjerzy.pl\/blog\/wp-json\/wp\/v2\/posts"}],"about":[{"href":"https:\/\/www.kurjerzy.pl\/blog\/wp-json\/wp\/v2\/types\/post"}],"author":[{"embeddable":true,"href":"https:\/\/www.kurjerzy.pl\/blog\/wp-json\/wp\/v2\/users\/12"}],"replies":[{"embeddable":true,"href":"https:\/\/www.kurjerzy.pl\/blog\/wp-json\/wp\/v2\/comments?post=27019"}],"version-history":[{"count":8,"href":"https:\/\/www.kurjerzy.pl\/blog\/wp-json\/wp\/v2\/posts\/27019\/revisions"}],"predecessor-version":[{"id":27040,"href":"https:\/\/www.kurjerzy.pl\/blog\/wp-json\/wp\/v2\/posts\/27019\/revisions\/27040"}],"wp:featuredmedia":[{"embeddable":true,"href":"https:\/\/www.kurjerzy.pl\/blog\/wp-json\/wp\/v2\/media\/27028"}],"wp:attachment":[{"href":"https:\/\/www.kurjerzy.pl\/blog\/wp-json\/wp\/v2\/media?parent=27019"}],"wp:term":[{"taxonomy":"category","embeddable":true,"href":"https:\/\/www.kurjerzy.pl\/blog\/wp-json\/wp\/v2\/categories?post=27019"},{"taxonomy":"post_tag","embeddable":true,"href":"https:\/\/www.kurjerzy.pl\/blog\/wp-json\/wp\/v2\/tags?post=27019"}],"curies":[{"name":"wp","href":"https:\/\/api.w.org\/{rel}","templated":true}]}}