{"id":24699,"date":"2022-02-01T13:05:02","date_gmt":"2022-02-01T12:05:02","guid":{"rendered":"https:\/\/www.kurjerzy.pl\/blog\/?p=24699"},"modified":"2025-06-04T12:48:53","modified_gmt":"2025-06-04T10:48:53","slug":"zasady-pakowania-przesylek-kurierem-ambro-express","status":"publish","type":"post","link":"https:\/\/www.kurjerzy.pl\/blog\/porady\/zasady-pakowania-przesylek-kurierem-ambro-express\/","title":{"rendered":"Zasady pakowania przesy\u0142ek &#8211; Ambro Express"},"content":{"rendered":"<p class=\"introduction\">Firma Ambro Express specjalizuje si\u0119 w transporcie element\u00f3w karoserii jak r\u00f3wnie\u017c skrzy\u0144 bieg\u00f3w i silnik\u00f3w samochodowych. Prawid\u0142owe zabezpieczenie przesy\u0142ki do transportu to podstawa udanej realizacji us\u0142ugi.<\/p>\n<p><!--more-->Elementy karoserii z racji wi\u0119kszych rozmiar\u00f3w i niestandardowych kszta\u0142t\u00f3w wymagaj\u0105 specjalnych warunk\u00f3w transportu, a co za tym idzie r\u00f3wnie\u017c dodatkowego zabezpieczenia.<\/p>\n<p><strong>Poni\u017cej kilka wskaz\u00f3wek, kt\u00f3re pomog\u0105 w zapakowaniu przesy\u0142ki, aby &#8222;ca\u0142o i zdrowo&#8221; dotar\u0142a do Odbiorcy.<\/strong><\/p>\n<p><strong>Je\u015bli wysy\u0142asz zderzak<\/strong>, zastosuj co najmniej dwie z wymienionych form zabezpiecze\u0144:<\/p>\n<ul class=\"wiki-list0\">\n<li>karton,<\/li>\n<li>folia b\u0105belkowa,<\/li>\n<li>tektura falista,<\/li>\n<li>stretch na ca\u0142ej powierzchni towaru.<\/li>\n<\/ul>\n<p><strong>Wysy\u0142aj\u0105c mask\u0119 samochodow\u0105<\/strong> wymagane s\u0105 minimum dwa rodzaje zabezpieczenia:<\/p>\n<ul class=\"wiki-list0\">\n<li>podw\u00f3jny wype\u0142niacz kartonowy, filcowy lub folia b\u0105belkowa,<\/li>\n<li>potr\u00f3jnie zabezpieczone dolne naro\u017cniki,<\/li>\n<li>stretch na ca\u0142ej powierzchni towaru,<\/li>\n<li>ta\u015bmy binduj\u0105ce w celu bezpiecznego przenoszenia.<\/li>\n<\/ul>\n<p><strong>Maj\u0105c do wys\u0142ania klap\u0119 baga\u017cnika bez szyby lub drzwi samochodowe<\/strong> (z opuszczon\u0105 szyb\u0105) musimy pami\u0119ta\u0107 o zastosowaniu minimum dw\u00f3ch rodzaj\u00f3w zabezpieczenia:<\/p>\n<ul class=\"wiki-list0\">\n<li>podw\u00f3jny wype\u0142niacz kartonowy, filcowy lub folia b\u0105belkowa,<\/li>\n<li>potr\u00f3jnie zabezpieczone dolne naro\u017cniki,<\/li>\n<li>stretch na ca\u0142ej powierzchni towaru,<\/li>\n<\/ul>\n<p><strong>Nadaj\u0105c klap\u0119 baga\u017cnika z szyb\u0105<\/strong> pami\u0119taj o zastosowaniu minimum dw\u00f3ch rodzaj\u00f3w zabezpieczenia:<\/p>\n<ul class=\"wiki-list0\">\n<li>podw\u00f3jny wype\u0142niacz kartonowy, filcowy lub folia b\u0105belkowa,<\/li>\n<li>potr\u00f3jnie zabezpieczone dolne naro\u017cniki,<\/li>\n<li>stretch na ca\u0142ej powierzchni towaru,<br \/>\n<strong>Klapa baga\u017cnika z szyb\u0105 musi dodatkowo znajdowa\u0107 si\u0119 na palecie.<\/strong><\/li>\n<\/ul>\n<p><strong>Wydaj\u0105c do transportu skrzyni\u0119 bieg\u00f3w lub silnik<\/strong>, stosujemy poni\u017csze zabezpieczenia:<\/p>\n<ul class=\"wiki-list0\">\n<li>wype\u0142niacz kartonowy, filcowy lub folia b\u0105belkowa,<\/li>\n<li>stretch na ca\u0142ej powierzchni towaru,<\/li>\n<li>ta\u015bmy binduj\u0105ce w celu bezpiecznego przenoszenia.<br \/>\n<strong>Skrzynia bieg\u00f3w lub silnik musz\u0105 znajdowa\u0107 si\u0119 na palecie.<\/strong><\/li>\n<\/ul>\n\n      <br>\n      <div style=\"max-width:790px;height:920px;border: 1px solid #ECECEC;\">\n      <iframe style=\"width:100%;height:100%;border:0;\" src=\"https:\/\/kurjerzy.pl\/widget?type=1&sender_country=PL&recipient_country=PL\"><\/iframe>\n      <\/div>\n      ","protected":false},"excerpt":{"rendered":"<p>Firma Ambro Express specjalizuje si\u0119 w transporcie element\u00f3w karoserii jak r\u00f3wnie\u017c skrzy\u0144 bieg\u00f3w i silnik\u00f3w samochodowych. Prawid\u0142owe zabezpieczenie przesy\u0142ki do transportu to podstawa udanej realizacji us\u0142ugi.<\/p>\n","protected":false},"author":5,"featured_media":24717,"comment_status":"closed","ping_status":"closed","sticky":false,"template":"","format":"standard","meta":{"footnotes":""},"categories":[2524],"tags":[2794,1671,1084],"class_list":["post-24699","post","type-post","status-publish","format-standard","has-post-thumbnail","hentry","category-porady","tag-ambroexpress","tag-nietypowe-przesylki","tag-pakowanie"],"yoast_head":"<!-- This site is optimized with the Yoast SEO plugin v26.7 - https:\/\/yoast.com\/wordpress\/plugins\/seo\/ -->\n<title>Zasady pakowania przesy\u0142ek - Ambro Express | KurJerzy.pl<\/title>\n<meta name=\"description\" content=\"W jaki spos\u00f3b zapakowa\u0107 przesy\u0142ki nadawane kurierem Ambro Express, aby nie uleg\u0142y uszkodzeniu podczas transportu.\" \/>\n<meta name=\"robots\" content=\"index, follow, max-snippet:-1, max-image-preview:large, max-video-preview:-1\" \/>\n<link rel=\"canonical\" href=\"https:\/\/www.kurjerzy.pl\/blog\/porady\/zasady-pakowania-przesylek-kurierem-ambro-express\/\" \/>\n<meta property=\"og:locale\" content=\"pl_PL\" \/>\n<meta property=\"og:type\" content=\"article\" \/>\n<meta property=\"og:title\" content=\"Zasady pakowania przesy\u0142ek - Ambro Express | KurJerzy.pl\" \/>\n<meta property=\"og:description\" content=\"W jaki spos\u00f3b zapakowa\u0107 przesy\u0142ki nadawane kurierem Ambro Express, aby nie uleg\u0142y uszkodzeniu podczas transportu.\" \/>\n<meta property=\"og:url\" content=\"https:\/\/www.kurjerzy.pl\/blog\/porady\/zasady-pakowania-przesylek-kurierem-ambro-express\/\" \/>\n<meta property=\"og:site_name\" content=\"KurJerzy.pl | Blog KurJerzy.pl\" \/>\n<meta property=\"article:publisher\" content=\"https:\/\/www.facebook.com\/KurJerzy\" \/>\n<meta property=\"article:published_time\" content=\"2022-02-01T12:05:02+00:00\" \/>\n<meta property=\"article:modified_time\" content=\"2025-06-04T10:48:53+00:00\" \/>\n<meta property=\"og:image\" content=\"https:\/\/www.kurjerzy.pl\/blog\/wp-content\/uploads\/2022\/01\/blog_1060.jpg\" \/>\n\t<meta property=\"og:image:width\" content=\"2306\" \/>\n\t<meta property=\"og:image:height\" content=\"1537\" \/>\n\t<meta property=\"og:image:type\" content=\"image\/jpeg\" \/>\n<meta name=\"author\" content=\"Marcin Trzci\u0144ski\" \/>\n<meta name=\"twitter:card\" content=\"summary_large_image\" \/>\n<meta name=\"twitter:label1\" content=\"Napisane przez\" \/>\n\t<meta name=\"twitter:data1\" content=\"Marcin Trzci\u0144ski\" \/>\n\t<meta name=\"twitter:label2\" content=\"Szacowany czas czytania\" \/>\n\t<meta name=\"twitter:data2\" content=\"2 minuty\" \/>\n<script type=\"application\/ld+json\" class=\"yoast-schema-graph\">{\"@context\":\"https:\/\/schema.org\",\"@graph\":[{\"@type\":\"Article\",\"@id\":\"https:\/\/www.kurjerzy.pl\/blog\/porady\/zasady-pakowania-przesylek-kurierem-ambro-express\/#article\",\"isPartOf\":{\"@id\":\"https:\/\/www.kurjerzy.pl\/blog\/porady\/zasady-pakowania-przesylek-kurierem-ambro-express\/\"},\"author\":{\"name\":\"Marcin Trzci\u0144ski\",\"@id\":\"https:\/\/www.kurjerzy.pl\/blog\/#\/schema\/person\/2d834bd10d46a1eba3b77bcebba115e9\"},\"headline\":\"Zasady pakowania przesy\u0142ek &#8211; Ambro Express\",\"datePublished\":\"2022-02-01T12:05:02+00:00\",\"dateModified\":\"2025-06-04T10:48:53+00:00\",\"mainEntityOfPage\":{\"@id\":\"https:\/\/www.kurjerzy.pl\/blog\/porady\/zasady-pakowania-przesylek-kurierem-ambro-express\/\"},\"wordCount\":298,\"image\":{\"@id\":\"https:\/\/www.kurjerzy.pl\/blog\/porady\/zasady-pakowania-przesylek-kurierem-ambro-express\/#primaryimage\"},\"thumbnailUrl\":\"https:\/\/www.kurjerzy.pl\/blog\/wp-content\/uploads\/2022\/01\/blog_1060.jpg\",\"keywords\":[\"ambroexpress\",\"nietypowe przesy\u0142ki\",\"pakowanie\"],\"articleSection\":[\"Porady\"],\"inLanguage\":\"pl-PL\"},{\"@type\":\"WebPage\",\"@id\":\"https:\/\/www.kurjerzy.pl\/blog\/porady\/zasady-pakowania-przesylek-kurierem-ambro-express\/\",\"url\":\"https:\/\/www.kurjerzy.pl\/blog\/porady\/zasady-pakowania-przesylek-kurierem-ambro-express\/\",\"name\":\"Zasady pakowania przesy\u0142ek - Ambro Express | KurJerzy.pl\",\"isPartOf\":{\"@id\":\"https:\/\/www.kurjerzy.pl\/blog\/#website\"},\"primaryImageOfPage\":{\"@id\":\"https:\/\/www.kurjerzy.pl\/blog\/porady\/zasady-pakowania-przesylek-kurierem-ambro-express\/#primaryimage\"},\"image\":{\"@id\":\"https:\/\/www.kurjerzy.pl\/blog\/porady\/zasady-pakowania-przesylek-kurierem-ambro-express\/#primaryimage\"},\"thumbnailUrl\":\"https:\/\/www.kurjerzy.pl\/blog\/wp-content\/uploads\/2022\/01\/blog_1060.jpg\",\"datePublished\":\"2022-02-01T12:05:02+00:00\",\"dateModified\":\"2025-06-04T10:48:53+00:00\",\"author\":{\"@id\":\"https:\/\/www.kurjerzy.pl\/blog\/#\/schema\/person\/2d834bd10d46a1eba3b77bcebba115e9\"},\"description\":\"W jaki spos\u00f3b zapakowa\u0107 przesy\u0142ki nadawane kurierem Ambro Express, aby nie uleg\u0142y uszkodzeniu podczas transportu.\",\"breadcrumb\":{\"@id\":\"https:\/\/www.kurjerzy.pl\/blog\/porady\/zasady-pakowania-przesylek-kurierem-ambro-express\/#breadcrumb\"},\"inLanguage\":\"pl-PL\",\"potentialAction\":[{\"@type\":\"ReadAction\",\"target\":[\"https:\/\/www.kurjerzy.pl\/blog\/porady\/zasady-pakowania-przesylek-kurierem-ambro-express\/\"]}]},{\"@type\":\"ImageObject\",\"inLanguage\":\"pl-PL\",\"@id\":\"https:\/\/www.kurjerzy.pl\/blog\/porady\/zasady-pakowania-przesylek-kurierem-ambro-express\/#primaryimage\",\"url\":\"https:\/\/www.kurjerzy.pl\/blog\/wp-content\/uploads\/2022\/01\/blog_1060.jpg\",\"contentUrl\":\"https:\/\/www.kurjerzy.pl\/blog\/wp-content\/uploads\/2022\/01\/blog_1060.jpg\",\"width\":2306,\"height\":1537,\"caption\":\"Zasady pakowania przesy\u0142ek - Ambro Express\"},{\"@type\":\"BreadcrumbList\",\"@id\":\"https:\/\/www.kurjerzy.pl\/blog\/porady\/zasady-pakowania-przesylek-kurierem-ambro-express\/#breadcrumb\",\"itemListElement\":[{\"@type\":\"ListItem\",\"position\":1,\"name\":\"Strona g\u0142\u00f3wna\",\"item\":\"https:\/\/www.kurjerzy.pl\/blog\/\"},{\"@type\":\"ListItem\",\"position\":2,\"name\":\"Zasady pakowania przesy\u0142ek &#8211; Ambro Express\"}]},{\"@type\":\"WebSite\",\"@id\":\"https:\/\/www.kurjerzy.pl\/blog\/#website\",\"url\":\"https:\/\/www.kurjerzy.pl\/blog\/\",\"name\":\"KurJerzy.pl | Blog KurJerzy.pl\",\"description\":\"Blog - Przesy\u0142ki i firmy kurierskie\",\"potentialAction\":[{\"@type\":\"SearchAction\",\"target\":{\"@type\":\"EntryPoint\",\"urlTemplate\":\"https:\/\/www.kurjerzy.pl\/blog\/?s={search_term_string}\"},\"query-input\":{\"@type\":\"PropertyValueSpecification\",\"valueRequired\":true,\"valueName\":\"search_term_string\"}}],\"inLanguage\":\"pl-PL\"},{\"@type\":\"Person\",\"@id\":\"https:\/\/www.kurjerzy.pl\/blog\/#\/schema\/person\/2d834bd10d46a1eba3b77bcebba115e9\",\"name\":\"Marcin Trzci\u0144ski\",\"image\":{\"@type\":\"ImageObject\",\"inLanguage\":\"pl-PL\",\"@id\":\"https:\/\/www.kurjerzy.pl\/blog\/#\/schema\/person\/image\/\",\"url\":\"https:\/\/www.kurjerzy.pl\/blog\/wp-content\/uploads\/2019\/03\/Marcin-Trzci\u0144ski_2019-150x150.jpg\",\"contentUrl\":\"https:\/\/www.kurjerzy.pl\/blog\/wp-content\/uploads\/2019\/03\/Marcin-Trzci\u0144ski_2019-150x150.jpg\",\"caption\":\"Marcin Trzci\u0144ski\"},\"description\":\"Przesy\u0142ki kurierskie to sektor, z kt\u00f3rym mam do czynienia od kilku \u0142adnych lat. Mia\u0142em szans\u0119 pozna\u0107 niemal ka\u017cdy etap transportu przesy\u0142ki i mechanizm\u00f3w logistycznych z tym zwi\u0105zanych. Mam nadziej\u0119 wyja\u015bnia\u0107 wszelkie w\u0105tpliwo\u015bci dotycz\u0105ce przesy\u0142ek nie tylko z punktu widzenia nadawcy i odbiorcy, ale r\u00f3wnie\u017c od strony firm kurierskich. Na co dzie\u0144 zajmuje si\u0119 optymalizacj\u0105 i analiz\u0105 rozwi\u0105za\u0144 biznesowych. W wolnych chwilach sp\u0119dzam czas z rodzin\u0105 i znajomymi.\",\"url\":\"https:\/\/www.kurjerzy.pl\/blog\/author\/marcintrzcinski\/\"}]}<\/script>\n<!-- \/ Yoast SEO plugin. -->","yoast_head_json":{"title":"Zasady pakowania przesy\u0142ek - Ambro Express | KurJerzy.pl","description":"W jaki spos\u00f3b zapakowa\u0107 przesy\u0142ki nadawane kurierem Ambro Express, aby nie uleg\u0142y uszkodzeniu podczas transportu.","robots":{"index":"index","follow":"follow","max-snippet":"max-snippet:-1","max-image-preview":"max-image-preview:large","max-video-preview":"max-video-preview:-1"},"canonical":"https:\/\/www.kurjerzy.pl\/blog\/porady\/zasady-pakowania-przesylek-kurierem-ambro-express\/","og_locale":"pl_PL","og_type":"article","og_title":"Zasady pakowania przesy\u0142ek - Ambro Express | KurJerzy.pl","og_description":"W jaki spos\u00f3b zapakowa\u0107 przesy\u0142ki nadawane kurierem Ambro Express, aby nie uleg\u0142y uszkodzeniu podczas transportu.","og_url":"https:\/\/www.kurjerzy.pl\/blog\/porady\/zasady-pakowania-przesylek-kurierem-ambro-express\/","og_site_name":"KurJerzy.pl | Blog KurJerzy.pl","article_publisher":"https:\/\/www.facebook.com\/KurJerzy","article_published_time":"2022-02-01T12:05:02+00:00","article_modified_time":"2025-06-04T10:48:53+00:00","og_image":[{"width":2306,"height":1537,"url":"https:\/\/www.kurjerzy.pl\/blog\/wp-content\/uploads\/2022\/01\/blog_1060.jpg","type":"image\/jpeg"}],"author":"Marcin Trzci\u0144ski","twitter_card":"summary_large_image","twitter_misc":{"Napisane przez":"Marcin Trzci\u0144ski","Szacowany czas czytania":"2 minuty"},"schema":{"@context":"https:\/\/schema.org","@graph":[{"@type":"Article","@id":"https:\/\/www.kurjerzy.pl\/blog\/porady\/zasady-pakowania-przesylek-kurierem-ambro-express\/#article","isPartOf":{"@id":"https:\/\/www.kurjerzy.pl\/blog\/porady\/zasady-pakowania-przesylek-kurierem-ambro-express\/"},"author":{"name":"Marcin Trzci\u0144ski","@id":"https:\/\/www.kurjerzy.pl\/blog\/#\/schema\/person\/2d834bd10d46a1eba3b77bcebba115e9"},"headline":"Zasady pakowania przesy\u0142ek &#8211; Ambro Express","datePublished":"2022-02-01T12:05:02+00:00","dateModified":"2025-06-04T10:48:53+00:00","mainEntityOfPage":{"@id":"https:\/\/www.kurjerzy.pl\/blog\/porady\/zasady-pakowania-przesylek-kurierem-ambro-express\/"},"wordCount":298,"image":{"@id":"https:\/\/www.kurjerzy.pl\/blog\/porady\/zasady-pakowania-przesylek-kurierem-ambro-express\/#primaryimage"},"thumbnailUrl":"https:\/\/www.kurjerzy.pl\/blog\/wp-content\/uploads\/2022\/01\/blog_1060.jpg","keywords":["ambroexpress","nietypowe przesy\u0142ki","pakowanie"],"articleSection":["Porady"],"inLanguage":"pl-PL"},{"@type":"WebPage","@id":"https:\/\/www.kurjerzy.pl\/blog\/porady\/zasady-pakowania-przesylek-kurierem-ambro-express\/","url":"https:\/\/www.kurjerzy.pl\/blog\/porady\/zasady-pakowania-przesylek-kurierem-ambro-express\/","name":"Zasady pakowania przesy\u0142ek - Ambro Express | KurJerzy.pl","isPartOf":{"@id":"https:\/\/www.kurjerzy.pl\/blog\/#website"},"primaryImageOfPage":{"@id":"https:\/\/www.kurjerzy.pl\/blog\/porady\/zasady-pakowania-przesylek-kurierem-ambro-express\/#primaryimage"},"image":{"@id":"https:\/\/www.kurjerzy.pl\/blog\/porady\/zasady-pakowania-przesylek-kurierem-ambro-express\/#primaryimage"},"thumbnailUrl":"https:\/\/www.kurjerzy.pl\/blog\/wp-content\/uploads\/2022\/01\/blog_1060.jpg","datePublished":"2022-02-01T12:05:02+00:00","dateModified":"2025-06-04T10:48:53+00:00","author":{"@id":"https:\/\/www.kurjerzy.pl\/blog\/#\/schema\/person\/2d834bd10d46a1eba3b77bcebba115e9"},"description":"W jaki spos\u00f3b zapakowa\u0107 przesy\u0142ki nadawane kurierem Ambro Express, aby nie uleg\u0142y uszkodzeniu podczas transportu.","breadcrumb":{"@id":"https:\/\/www.kurjerzy.pl\/blog\/porady\/zasady-pakowania-przesylek-kurierem-ambro-express\/#breadcrumb"},"inLanguage":"pl-PL","potentialAction":[{"@type":"ReadAction","target":["https:\/\/www.kurjerzy.pl\/blog\/porady\/zasady-pakowania-przesylek-kurierem-ambro-express\/"]}]},{"@type":"ImageObject","inLanguage":"pl-PL","@id":"https:\/\/www.kurjerzy.pl\/blog\/porady\/zasady-pakowania-przesylek-kurierem-ambro-express\/#primaryimage","url":"https:\/\/www.kurjerzy.pl\/blog\/wp-content\/uploads\/2022\/01\/blog_1060.jpg","contentUrl":"https:\/\/www.kurjerzy.pl\/blog\/wp-content\/uploads\/2022\/01\/blog_1060.jpg","width":2306,"height":1537,"caption":"Zasady pakowania przesy\u0142ek - Ambro Express"},{"@type":"BreadcrumbList","@id":"https:\/\/www.kurjerzy.pl\/blog\/porady\/zasady-pakowania-przesylek-kurierem-ambro-express\/#breadcrumb","itemListElement":[{"@type":"ListItem","position":1,"name":"Strona g\u0142\u00f3wna","item":"https:\/\/www.kurjerzy.pl\/blog\/"},{"@type":"ListItem","position":2,"name":"Zasady pakowania przesy\u0142ek &#8211; Ambro Express"}]},{"@type":"WebSite","@id":"https:\/\/www.kurjerzy.pl\/blog\/#website","url":"https:\/\/www.kurjerzy.pl\/blog\/","name":"KurJerzy.pl | Blog KurJerzy.pl","description":"Blog - Przesy\u0142ki i firmy kurierskie","potentialAction":[{"@type":"SearchAction","target":{"@type":"EntryPoint","urlTemplate":"https:\/\/www.kurjerzy.pl\/blog\/?s={search_term_string}"},"query-input":{"@type":"PropertyValueSpecification","valueRequired":true,"valueName":"search_term_string"}}],"inLanguage":"pl-PL"},{"@type":"Person","@id":"https:\/\/www.kurjerzy.pl\/blog\/#\/schema\/person\/2d834bd10d46a1eba3b77bcebba115e9","name":"Marcin Trzci\u0144ski","image":{"@type":"ImageObject","inLanguage":"pl-PL","@id":"https:\/\/www.kurjerzy.pl\/blog\/#\/schema\/person\/image\/","url":"https:\/\/www.kurjerzy.pl\/blog\/wp-content\/uploads\/2019\/03\/Marcin-Trzci\u0144ski_2019-150x150.jpg","contentUrl":"https:\/\/www.kurjerzy.pl\/blog\/wp-content\/uploads\/2019\/03\/Marcin-Trzci\u0144ski_2019-150x150.jpg","caption":"Marcin Trzci\u0144ski"},"description":"Przesy\u0142ki kurierskie to sektor, z kt\u00f3rym mam do czynienia od kilku \u0142adnych lat. Mia\u0142em szans\u0119 pozna\u0107 niemal ka\u017cdy etap transportu przesy\u0142ki i mechanizm\u00f3w logistycznych z tym zwi\u0105zanych. Mam nadziej\u0119 wyja\u015bnia\u0107 wszelkie w\u0105tpliwo\u015bci dotycz\u0105ce przesy\u0142ek nie tylko z punktu widzenia nadawcy i odbiorcy, ale r\u00f3wnie\u017c od strony firm kurierskich. Na co dzie\u0144 zajmuje si\u0119 optymalizacj\u0105 i analiz\u0105 rozwi\u0105za\u0144 biznesowych. W wolnych chwilach sp\u0119dzam czas z rodzin\u0105 i znajomymi.","url":"https:\/\/www.kurjerzy.pl\/blog\/author\/marcintrzcinski\/"}]}},"_links":{"self":[{"href":"https:\/\/www.kurjerzy.pl\/blog\/wp-json\/wp\/v2\/posts\/24699","targetHints":{"allow":["GET"]}}],"collection":[{"href":"https:\/\/www.kurjerzy.pl\/blog\/wp-json\/wp\/v2\/posts"}],"about":[{"href":"https:\/\/www.kurjerzy.pl\/blog\/wp-json\/wp\/v2\/types\/post"}],"author":[{"embeddable":true,"href":"https:\/\/www.kurjerzy.pl\/blog\/wp-json\/wp\/v2\/users\/5"}],"replies":[{"embeddable":true,"href":"https:\/\/www.kurjerzy.pl\/blog\/wp-json\/wp\/v2\/comments?post=24699"}],"version-history":[{"count":4,"href":"https:\/\/www.kurjerzy.pl\/blog\/wp-json\/wp\/v2\/posts\/24699\/revisions"}],"predecessor-version":[{"id":24750,"href":"https:\/\/www.kurjerzy.pl\/blog\/wp-json\/wp\/v2\/posts\/24699\/revisions\/24750"}],"wp:featuredmedia":[{"embeddable":true,"href":"https:\/\/www.kurjerzy.pl\/blog\/wp-json\/wp\/v2\/media\/24717"}],"wp:attachment":[{"href":"https:\/\/www.kurjerzy.pl\/blog\/wp-json\/wp\/v2\/media?parent=24699"}],"wp:term":[{"taxonomy":"category","embeddable":true,"href":"https:\/\/www.kurjerzy.pl\/blog\/wp-json\/wp\/v2\/categories?post=24699"},{"taxonomy":"post_tag","embeddable":true,"href":"https:\/\/www.kurjerzy.pl\/blog\/wp-json\/wp\/v2\/tags?post=24699"}],"curies":[{"name":"wp","href":"https:\/\/api.w.org\/{rel}","templated":true}]}}