{"id":23062,"date":"2020-09-08T06:50:05","date_gmt":"2020-09-08T04:50:05","guid":{"rendered":"https:\/\/www.kurjerzy.pl\/blog\/?p=23062"},"modified":"2025-09-24T11:13:35","modified_gmt":"2025-09-24T09:13:35","slug":"przesylki-do-niemiec-a-verpackungsgesetz-wszystko-co-warto-o-tym-wiedziec","status":"publish","type":"post","link":"https:\/\/www.kurjerzy.pl\/blog\/porady\/przesylki-do-niemiec-a-verpackungsgesetz-wszystko-co-warto-o-tym-wiedziec\/","title":{"rendered":"Przesy\u0142ki do Niemiec, a Verpackungsgesetz &#8211; wszystko, co warto o tym wiedzie\u0107"},"content":{"rendered":"<p class=\"introduction\">Paczki do Niemiec to jeden z najpopularniejszych zagranicznych kierunk\u00f3w, z kt\u00f3rych korzystaj\u0105 Polacy. Wynika to ze wsp\u00f3\u0142pracy gospodarczej z naszymi zachodnimi s\u0105siadami (np. handlem detalicznym przez Internet)<!--more-->, ale r\u00f3wnie\u017c z licznymi rodakami, kt\u00f3rzy tam mieszkaj\u0105. Jak wygl\u0105daj\u0105 przesy\u0142ki do Niemiec i czym jest Verpackungsgesetz?<\/p>\n<p>Cho\u0107 jeste\u015bmy w Unii Europejskiej, to ka\u017cdy kraj ma osobne prawo dotycz\u0105ce przewozu przesy\u0142ek i us\u0142ug kurierskich. Tak jest r\u00f3wnie\u017c w Niemczech, gdzie obowi\u0105zuje Verpackungsgesetz (zwany te\u017c w skr\u00f3cie VerpackG. Dlaczego jest to tak wa\u017cne i jakie przesy\u0142ki do Niemiec pod niego podchodz\u0105?<\/p>\n<h2>Czym jest VerpackG?<\/h2>\n<p>Verpackungsgesetz to nowa ustawa niemiecka, kt\u00f3ra wesz\u0142a w \u017cycie w styczniu ubieg\u0142ego roku (2019 \u2013 przyp. red.). Dotyczy ona g\u0142\u00f3wnie sprzedawc\u00f3w e-commerce, ale sankcjonuje wiele aspekt\u00f3w, takich jak zagraniczne <a href=\"https:\/\/www.kurjerzy.pl\/paczka-do-niemiec\/de\">przesy\u0142ki do Niemiec<\/a>.<\/p>\n<p>Czy wi\u0119c Verpackungsgesetz dotyczy paczek, kt\u00f3re wysy\u0142asz rodzinie, mieszkaj\u0105cej za nasz\u0105 zachodni\u0105 granic\u0105? Zdecydowanie nie. Nowe prawo niemieckie odnosi si\u0119 wy\u0142\u0105cznie do przedsi\u0119biorc\u00f3w, kt\u00f3rzy chc\u0105 prowadzi\u0107 legalny handel internetowy, we wsp\u00f3\u0142pracy z klientami pochodz\u0105cymi z Niemiec.<\/p>\n<p>Czego w skr\u00f3cie ta ustawa od przedsi\u0119biorc\u00f3w wymaga?<\/p>\n<ol>\n<li><strong>Rejestracja w LUCID<\/strong> \u2013 ka\u017cdy przedsi\u0119biorca, kt\u00f3ry chce sprzedawa\u0107 swoje produkty na teren Niemiec, powinien zarejestrowa\u0107 si\u0119 w systemie. Dotyczy ona systemu opakowa\u0144. Rejestracja jest bezp\u0142atna, a ca\u0142a baza powszechnie dost\u0119pna.<\/li>\n<li><strong>Deklarowana masa opakowa\u0144<\/strong> \u2013 w systemie b\u0119dziesz musia\u0142 zadeklarowa\u0107, jak du\u017co opakowa\u0144 wprowadzisz na teren Republiki Federalnej Niemiec. Zgodnie z tym b\u0119dziesz, co roku uiszcza\u0142 op\u0142at\u0119 recyklingow\u0105.<\/li>\n<\/ol>\n<h2>Przesy\u0142ki do Niemiec \u2013 na co trzeba uwa\u017ca\u0107?<\/h2>\n<p>Verpackungsgesetz dotyczy ka\u017cdego rodzaju opakowa\u0144, a wi\u0119c karton\u00f3w, kopert, folii itd. Je\u017celi wysy\u0142asz je do Niemiec w celach komercyjnych, to jeste\u015b zobowi\u0105zany do przestrzegania powy\u017cszych punkt\u00f3w. Za samo z\u0142amanie nakazu rejestracji grozi kara do 100\u00a0000 euro. Za wprowadzenie niezarejestrowanych opakowa\u0144 na niemiecki rynek mo\u017cesz dosta\u0107 natomiast 200\u00a0000 euro kary. W przypadku, gdy na niezgodnych z prawem dzia\u0142aniach z\u0142apie Ci\u0119 konkurencja, mo\u017ce domaga\u0107 si\u0119 wyp\u0142aty Abmahnung, czyli rekompensaty (upomnienia) na jej rzecz w wysoko\u015bci od 1000 do 5000 euro.<\/p>\n<p>Co to oznacza w praktyce? Je\u017celi prowadzisz firm\u0119, a Twoje produkty b\u0119dziesz sprzedawa\u0142 za pomoc\u0105 Internetu w Niemczech, niezw\u0142ocznie si\u0119 zarejestruj. Nast\u0119pnie wysy\u0142aj przesy\u0142ki do Niemiec wy\u0142\u0105cznie w zarejestrowanych opakowaniach, na kt\u00f3re b\u0119dziesz mia\u0142 pozwolenie. Pami\u0119taj, \u017ce obowi\u0105zek Verpackungsgesetz jest powszechny i prowadzenie dzia\u0142alno\u015bci na terenie Polski nie zwalnia Ci\u0119 z niego!<\/p>\n<p>Je\u017celi zarejestrujesz si\u0119 w bazie i przedstawisz oszacowane liczby opakowa\u0144, wprowadzane na rynek niemiecki, to praktycznie zako\u0144czysz swoje dzia\u0142ania zwi\u0105zane z Verpackungsgesetz. Bez problem\u00f3w mo\u017cesz ju\u017c zam\u00f3wi\u0107 kuriera i zarabia\u0107 na swoich produktach!<\/p>\n\n      <br>\n      <div style=\"max-width:790px;height:920px;border: 1px solid #ECECEC;\">\n      <iframe style=\"width:100%;height:100%;border:0;\" src=\"https:\/\/kurjerzy.pl\/widget?type=1&sender_country=PL&recipient_country=DE\"><\/iframe>\n      <\/div>\n      ","protected":false},"excerpt":{"rendered":"<p>Paczki do Niemiec to jeden z najpopularniejszych zagranicznych kierunk\u00f3w, z kt\u00f3rych korzystaj\u0105 Polacy. Wynika to ze wsp\u00f3\u0142pracy gospodarczej z naszymi zachodnimi s\u0105siadami (np. handlem detalicznym przez Internet)<\/p>\n","protected":false},"author":33,"featured_media":23073,"comment_status":"closed","ping_status":"closed","sticky":false,"template":"","format":"standard","meta":{"footnotes":""},"categories":[2524],"tags":[1073],"class_list":["post-23062","post","type-post","status-publish","format-standard","has-post-thumbnail","hentry","category-porady","tag-kurierzy"],"yoast_head":"<!-- This site is optimized with the Yoast SEO plugin v26.7 - https:\/\/yoast.com\/wordpress\/plugins\/seo\/ -->\n<title>Przesy\u0142ki do Niemiec, a Verpackungsgesetz - wszystko, co warto o tym wiedzie\u0107 | KurJerzy.pl<\/title>\n<meta name=\"description\" content=\"Czym jest Verpackungsgesetz i jak wp\u0142ywa na przesy\u0142ki do Niemiec? Wyja\u015bniamy najwa\u017cniejsze punkty tego przepisu prawnego!\" \/>\n<meta name=\"robots\" content=\"index, follow, max-snippet:-1, max-image-preview:large, max-video-preview:-1\" \/>\n<link rel=\"canonical\" href=\"https:\/\/www.kurjerzy.pl\/blog\/porady\/przesylki-do-niemiec-a-verpackungsgesetz-wszystko-co-warto-o-tym-wiedziec\/\" \/>\n<meta property=\"og:locale\" content=\"pl_PL\" \/>\n<meta property=\"og:type\" content=\"article\" \/>\n<meta property=\"og:title\" content=\"Przesy\u0142ki do Niemiec, a Verpackungsgesetz - wszystko, co warto o tym wiedzie\u0107 | KurJerzy.pl\" \/>\n<meta property=\"og:description\" content=\"Czym jest Verpackungsgesetz i jak wp\u0142ywa na przesy\u0142ki do Niemiec? Wyja\u015bniamy najwa\u017cniejsze punkty tego przepisu prawnego!\" \/>\n<meta property=\"og:url\" content=\"https:\/\/www.kurjerzy.pl\/blog\/porady\/przesylki-do-niemiec-a-verpackungsgesetz-wszystko-co-warto-o-tym-wiedziec\/\" \/>\n<meta property=\"og:site_name\" content=\"KurJerzy.pl | Blog KurJerzy.pl\" \/>\n<meta property=\"article:publisher\" content=\"https:\/\/www.facebook.com\/KurJerzy\" \/>\n<meta property=\"article:published_time\" content=\"2020-09-08T04:50:05+00:00\" \/>\n<meta property=\"article:modified_time\" content=\"2025-09-24T09:13:35+00:00\" \/>\n<meta property=\"og:image\" content=\"https:\/\/www.kurjerzy.pl\/blog\/wp-content\/uploads\/2020\/08\/blog_845.jpg\" \/>\n\t<meta property=\"og:image:width\" content=\"1200\" \/>\n\t<meta property=\"og:image:height\" content=\"750\" \/>\n\t<meta property=\"og:image:type\" content=\"image\/jpeg\" \/>\n<meta name=\"author\" content=\"Marcin Lewicki\" \/>\n<meta name=\"twitter:card\" content=\"summary_large_image\" \/>\n<meta name=\"twitter:label1\" content=\"Napisane przez\" \/>\n\t<meta name=\"twitter:data1\" content=\"Marcin Lewicki\" \/>\n\t<meta name=\"twitter:label2\" content=\"Szacowany czas czytania\" \/>\n\t<meta name=\"twitter:data2\" content=\"3 minuty\" \/>\n<script type=\"application\/ld+json\" class=\"yoast-schema-graph\">{\"@context\":\"https:\/\/schema.org\",\"@graph\":[{\"@type\":\"Article\",\"@id\":\"https:\/\/www.kurjerzy.pl\/blog\/porady\/przesylki-do-niemiec-a-verpackungsgesetz-wszystko-co-warto-o-tym-wiedziec\/#article\",\"isPartOf\":{\"@id\":\"https:\/\/www.kurjerzy.pl\/blog\/porady\/przesylki-do-niemiec-a-verpackungsgesetz-wszystko-co-warto-o-tym-wiedziec\/\"},\"author\":{\"name\":\"Marcin Lewicki\",\"@id\":\"https:\/\/www.kurjerzy.pl\/blog\/#\/schema\/person\/65848fe8948a599bcea8a0cc099de3b9\"},\"headline\":\"Przesy\u0142ki do Niemiec, a Verpackungsgesetz &#8211; wszystko, co warto o tym wiedzie\u0107\",\"datePublished\":\"2020-09-08T04:50:05+00:00\",\"dateModified\":\"2025-09-24T09:13:35+00:00\",\"mainEntityOfPage\":{\"@id\":\"https:\/\/www.kurjerzy.pl\/blog\/porady\/przesylki-do-niemiec-a-verpackungsgesetz-wszystko-co-warto-o-tym-wiedziec\/\"},\"wordCount\":484,\"image\":{\"@id\":\"https:\/\/www.kurjerzy.pl\/blog\/porady\/przesylki-do-niemiec-a-verpackungsgesetz-wszystko-co-warto-o-tym-wiedziec\/#primaryimage\"},\"thumbnailUrl\":\"https:\/\/www.kurjerzy.pl\/blog\/wp-content\/uploads\/2020\/08\/blog_845.jpg\",\"keywords\":[\"kurierzy\"],\"articleSection\":[\"Porady\"],\"inLanguage\":\"pl-PL\"},{\"@type\":\"WebPage\",\"@id\":\"https:\/\/www.kurjerzy.pl\/blog\/porady\/przesylki-do-niemiec-a-verpackungsgesetz-wszystko-co-warto-o-tym-wiedziec\/\",\"url\":\"https:\/\/www.kurjerzy.pl\/blog\/porady\/przesylki-do-niemiec-a-verpackungsgesetz-wszystko-co-warto-o-tym-wiedziec\/\",\"name\":\"Przesy\u0142ki do Niemiec, a Verpackungsgesetz - wszystko, co warto o tym wiedzie\u0107 | KurJerzy.pl\",\"isPartOf\":{\"@id\":\"https:\/\/www.kurjerzy.pl\/blog\/#website\"},\"primaryImageOfPage\":{\"@id\":\"https:\/\/www.kurjerzy.pl\/blog\/porady\/przesylki-do-niemiec-a-verpackungsgesetz-wszystko-co-warto-o-tym-wiedziec\/#primaryimage\"},\"image\":{\"@id\":\"https:\/\/www.kurjerzy.pl\/blog\/porady\/przesylki-do-niemiec-a-verpackungsgesetz-wszystko-co-warto-o-tym-wiedziec\/#primaryimage\"},\"thumbnailUrl\":\"https:\/\/www.kurjerzy.pl\/blog\/wp-content\/uploads\/2020\/08\/blog_845.jpg\",\"datePublished\":\"2020-09-08T04:50:05+00:00\",\"dateModified\":\"2025-09-24T09:13:35+00:00\",\"author\":{\"@id\":\"https:\/\/www.kurjerzy.pl\/blog\/#\/schema\/person\/65848fe8948a599bcea8a0cc099de3b9\"},\"description\":\"Czym jest Verpackungsgesetz i jak wp\u0142ywa na przesy\u0142ki do Niemiec? Wyja\u015bniamy najwa\u017cniejsze punkty tego przepisu prawnego!\",\"breadcrumb\":{\"@id\":\"https:\/\/www.kurjerzy.pl\/blog\/porady\/przesylki-do-niemiec-a-verpackungsgesetz-wszystko-co-warto-o-tym-wiedziec\/#breadcrumb\"},\"inLanguage\":\"pl-PL\",\"potentialAction\":[{\"@type\":\"ReadAction\",\"target\":[\"https:\/\/www.kurjerzy.pl\/blog\/porady\/przesylki-do-niemiec-a-verpackungsgesetz-wszystko-co-warto-o-tym-wiedziec\/\"]}]},{\"@type\":\"ImageObject\",\"inLanguage\":\"pl-PL\",\"@id\":\"https:\/\/www.kurjerzy.pl\/blog\/porady\/przesylki-do-niemiec-a-verpackungsgesetz-wszystko-co-warto-o-tym-wiedziec\/#primaryimage\",\"url\":\"https:\/\/www.kurjerzy.pl\/blog\/wp-content\/uploads\/2020\/08\/blog_845.jpg\",\"contentUrl\":\"https:\/\/www.kurjerzy.pl\/blog\/wp-content\/uploads\/2020\/08\/blog_845.jpg\",\"width\":1200,\"height\":750,\"caption\":\"Przesy\u0142ki do Niemiec\"},{\"@type\":\"BreadcrumbList\",\"@id\":\"https:\/\/www.kurjerzy.pl\/blog\/porady\/przesylki-do-niemiec-a-verpackungsgesetz-wszystko-co-warto-o-tym-wiedziec\/#breadcrumb\",\"itemListElement\":[{\"@type\":\"ListItem\",\"position\":1,\"name\":\"Strona g\u0142\u00f3wna\",\"item\":\"https:\/\/www.kurjerzy.pl\/blog\/\"},{\"@type\":\"ListItem\",\"position\":2,\"name\":\"Przesy\u0142ki do Niemiec, a Verpackungsgesetz &#8211; wszystko, co warto o tym wiedzie\u0107\"}]},{\"@type\":\"WebSite\",\"@id\":\"https:\/\/www.kurjerzy.pl\/blog\/#website\",\"url\":\"https:\/\/www.kurjerzy.pl\/blog\/\",\"name\":\"KurJerzy.pl | Blog KurJerzy.pl\",\"description\":\"Blog - Przesy\u0142ki i firmy kurierskie\",\"potentialAction\":[{\"@type\":\"SearchAction\",\"target\":{\"@type\":\"EntryPoint\",\"urlTemplate\":\"https:\/\/www.kurjerzy.pl\/blog\/?s={search_term_string}\"},\"query-input\":{\"@type\":\"PropertyValueSpecification\",\"valueRequired\":true,\"valueName\":\"search_term_string\"}}],\"inLanguage\":\"pl-PL\"},{\"@type\":\"Person\",\"@id\":\"https:\/\/www.kurjerzy.pl\/blog\/#\/schema\/person\/65848fe8948a599bcea8a0cc099de3b9\",\"name\":\"Marcin Lewicki\",\"image\":{\"@type\":\"ImageObject\",\"inLanguage\":\"pl-PL\",\"@id\":\"https:\/\/www.kurjerzy.pl\/blog\/#\/schema\/person\/image\/\",\"url\":\"https:\/\/www.kurjerzy.pl\/blog\/wp-content\/uploads\/2020\/04\/Redaktor_Lewicki-300x300-1-150x150.jpg\",\"contentUrl\":\"https:\/\/www.kurjerzy.pl\/blog\/wp-content\/uploads\/2020\/04\/Redaktor_Lewicki-300x300-1-150x150.jpg\",\"caption\":\"Marcin Lewicki\"},\"description\":\"Zapalony podr\u00f3\u017cnik, uwa\u017cny obserwator rynku spedycyjnego i dzia\u0142a\u0144 zwi\u0105zanych z logistyk\u0105. Dziennikarz i marketingowiec z zawodu i powo\u0142ania. By\u0142y reporter Radia Zet, oraz toru\u0144skiego Radia GRA. Absolwent Uniwersytetu Miko\u0142aja Kopernika w Toruniu. Od urodzenia mieszkaniec Grodu Kopernika, o kt\u00f3rym wie absolutnie wszystko. Prywatnie fan sportu, motoryzacji i pierog\u00f3w ruskich.\",\"url\":\"https:\/\/www.kurjerzy.pl\/blog\/author\/marcinlewicki\/\"}]}<\/script>\n<!-- \/ Yoast SEO plugin. -->","yoast_head_json":{"title":"Przesy\u0142ki do Niemiec, a Verpackungsgesetz - wszystko, co warto o tym wiedzie\u0107 | KurJerzy.pl","description":"Czym jest Verpackungsgesetz i jak wp\u0142ywa na przesy\u0142ki do Niemiec? Wyja\u015bniamy najwa\u017cniejsze punkty tego przepisu prawnego!","robots":{"index":"index","follow":"follow","max-snippet":"max-snippet:-1","max-image-preview":"max-image-preview:large","max-video-preview":"max-video-preview:-1"},"canonical":"https:\/\/www.kurjerzy.pl\/blog\/porady\/przesylki-do-niemiec-a-verpackungsgesetz-wszystko-co-warto-o-tym-wiedziec\/","og_locale":"pl_PL","og_type":"article","og_title":"Przesy\u0142ki do Niemiec, a Verpackungsgesetz - wszystko, co warto o tym wiedzie\u0107 | KurJerzy.pl","og_description":"Czym jest Verpackungsgesetz i jak wp\u0142ywa na przesy\u0142ki do Niemiec? Wyja\u015bniamy najwa\u017cniejsze punkty tego przepisu prawnego!","og_url":"https:\/\/www.kurjerzy.pl\/blog\/porady\/przesylki-do-niemiec-a-verpackungsgesetz-wszystko-co-warto-o-tym-wiedziec\/","og_site_name":"KurJerzy.pl | Blog KurJerzy.pl","article_publisher":"https:\/\/www.facebook.com\/KurJerzy","article_published_time":"2020-09-08T04:50:05+00:00","article_modified_time":"2025-09-24T09:13:35+00:00","og_image":[{"width":1200,"height":750,"url":"https:\/\/www.kurjerzy.pl\/blog\/wp-content\/uploads\/2020\/08\/blog_845.jpg","type":"image\/jpeg"}],"author":"Marcin Lewicki","twitter_card":"summary_large_image","twitter_misc":{"Napisane przez":"Marcin Lewicki","Szacowany czas czytania":"3 minuty"},"schema":{"@context":"https:\/\/schema.org","@graph":[{"@type":"Article","@id":"https:\/\/www.kurjerzy.pl\/blog\/porady\/przesylki-do-niemiec-a-verpackungsgesetz-wszystko-co-warto-o-tym-wiedziec\/#article","isPartOf":{"@id":"https:\/\/www.kurjerzy.pl\/blog\/porady\/przesylki-do-niemiec-a-verpackungsgesetz-wszystko-co-warto-o-tym-wiedziec\/"},"author":{"name":"Marcin Lewicki","@id":"https:\/\/www.kurjerzy.pl\/blog\/#\/schema\/person\/65848fe8948a599bcea8a0cc099de3b9"},"headline":"Przesy\u0142ki do Niemiec, a Verpackungsgesetz &#8211; wszystko, co warto o tym wiedzie\u0107","datePublished":"2020-09-08T04:50:05+00:00","dateModified":"2025-09-24T09:13:35+00:00","mainEntityOfPage":{"@id":"https:\/\/www.kurjerzy.pl\/blog\/porady\/przesylki-do-niemiec-a-verpackungsgesetz-wszystko-co-warto-o-tym-wiedziec\/"},"wordCount":484,"image":{"@id":"https:\/\/www.kurjerzy.pl\/blog\/porady\/przesylki-do-niemiec-a-verpackungsgesetz-wszystko-co-warto-o-tym-wiedziec\/#primaryimage"},"thumbnailUrl":"https:\/\/www.kurjerzy.pl\/blog\/wp-content\/uploads\/2020\/08\/blog_845.jpg","keywords":["kurierzy"],"articleSection":["Porady"],"inLanguage":"pl-PL"},{"@type":"WebPage","@id":"https:\/\/www.kurjerzy.pl\/blog\/porady\/przesylki-do-niemiec-a-verpackungsgesetz-wszystko-co-warto-o-tym-wiedziec\/","url":"https:\/\/www.kurjerzy.pl\/blog\/porady\/przesylki-do-niemiec-a-verpackungsgesetz-wszystko-co-warto-o-tym-wiedziec\/","name":"Przesy\u0142ki do Niemiec, a Verpackungsgesetz - wszystko, co warto o tym wiedzie\u0107 | KurJerzy.pl","isPartOf":{"@id":"https:\/\/www.kurjerzy.pl\/blog\/#website"},"primaryImageOfPage":{"@id":"https:\/\/www.kurjerzy.pl\/blog\/porady\/przesylki-do-niemiec-a-verpackungsgesetz-wszystko-co-warto-o-tym-wiedziec\/#primaryimage"},"image":{"@id":"https:\/\/www.kurjerzy.pl\/blog\/porady\/przesylki-do-niemiec-a-verpackungsgesetz-wszystko-co-warto-o-tym-wiedziec\/#primaryimage"},"thumbnailUrl":"https:\/\/www.kurjerzy.pl\/blog\/wp-content\/uploads\/2020\/08\/blog_845.jpg","datePublished":"2020-09-08T04:50:05+00:00","dateModified":"2025-09-24T09:13:35+00:00","author":{"@id":"https:\/\/www.kurjerzy.pl\/blog\/#\/schema\/person\/65848fe8948a599bcea8a0cc099de3b9"},"description":"Czym jest Verpackungsgesetz i jak wp\u0142ywa na przesy\u0142ki do Niemiec? Wyja\u015bniamy najwa\u017cniejsze punkty tego przepisu prawnego!","breadcrumb":{"@id":"https:\/\/www.kurjerzy.pl\/blog\/porady\/przesylki-do-niemiec-a-verpackungsgesetz-wszystko-co-warto-o-tym-wiedziec\/#breadcrumb"},"inLanguage":"pl-PL","potentialAction":[{"@type":"ReadAction","target":["https:\/\/www.kurjerzy.pl\/blog\/porady\/przesylki-do-niemiec-a-verpackungsgesetz-wszystko-co-warto-o-tym-wiedziec\/"]}]},{"@type":"ImageObject","inLanguage":"pl-PL","@id":"https:\/\/www.kurjerzy.pl\/blog\/porady\/przesylki-do-niemiec-a-verpackungsgesetz-wszystko-co-warto-o-tym-wiedziec\/#primaryimage","url":"https:\/\/www.kurjerzy.pl\/blog\/wp-content\/uploads\/2020\/08\/blog_845.jpg","contentUrl":"https:\/\/www.kurjerzy.pl\/blog\/wp-content\/uploads\/2020\/08\/blog_845.jpg","width":1200,"height":750,"caption":"Przesy\u0142ki do Niemiec"},{"@type":"BreadcrumbList","@id":"https:\/\/www.kurjerzy.pl\/blog\/porady\/przesylki-do-niemiec-a-verpackungsgesetz-wszystko-co-warto-o-tym-wiedziec\/#breadcrumb","itemListElement":[{"@type":"ListItem","position":1,"name":"Strona g\u0142\u00f3wna","item":"https:\/\/www.kurjerzy.pl\/blog\/"},{"@type":"ListItem","position":2,"name":"Przesy\u0142ki do Niemiec, a Verpackungsgesetz &#8211; wszystko, co warto o tym wiedzie\u0107"}]},{"@type":"WebSite","@id":"https:\/\/www.kurjerzy.pl\/blog\/#website","url":"https:\/\/www.kurjerzy.pl\/blog\/","name":"KurJerzy.pl | Blog KurJerzy.pl","description":"Blog - Przesy\u0142ki i firmy kurierskie","potentialAction":[{"@type":"SearchAction","target":{"@type":"EntryPoint","urlTemplate":"https:\/\/www.kurjerzy.pl\/blog\/?s={search_term_string}"},"query-input":{"@type":"PropertyValueSpecification","valueRequired":true,"valueName":"search_term_string"}}],"inLanguage":"pl-PL"},{"@type":"Person","@id":"https:\/\/www.kurjerzy.pl\/blog\/#\/schema\/person\/65848fe8948a599bcea8a0cc099de3b9","name":"Marcin Lewicki","image":{"@type":"ImageObject","inLanguage":"pl-PL","@id":"https:\/\/www.kurjerzy.pl\/blog\/#\/schema\/person\/image\/","url":"https:\/\/www.kurjerzy.pl\/blog\/wp-content\/uploads\/2020\/04\/Redaktor_Lewicki-300x300-1-150x150.jpg","contentUrl":"https:\/\/www.kurjerzy.pl\/blog\/wp-content\/uploads\/2020\/04\/Redaktor_Lewicki-300x300-1-150x150.jpg","caption":"Marcin Lewicki"},"description":"Zapalony podr\u00f3\u017cnik, uwa\u017cny obserwator rynku spedycyjnego i dzia\u0142a\u0144 zwi\u0105zanych z logistyk\u0105. Dziennikarz i marketingowiec z zawodu i powo\u0142ania. By\u0142y reporter Radia Zet, oraz toru\u0144skiego Radia GRA. Absolwent Uniwersytetu Miko\u0142aja Kopernika w Toruniu. Od urodzenia mieszkaniec Grodu Kopernika, o kt\u00f3rym wie absolutnie wszystko. Prywatnie fan sportu, motoryzacji i pierog\u00f3w ruskich.","url":"https:\/\/www.kurjerzy.pl\/blog\/author\/marcinlewicki\/"}]}},"_links":{"self":[{"href":"https:\/\/www.kurjerzy.pl\/blog\/wp-json\/wp\/v2\/posts\/23062","targetHints":{"allow":["GET"]}}],"collection":[{"href":"https:\/\/www.kurjerzy.pl\/blog\/wp-json\/wp\/v2\/posts"}],"about":[{"href":"https:\/\/www.kurjerzy.pl\/blog\/wp-json\/wp\/v2\/types\/post"}],"author":[{"embeddable":true,"href":"https:\/\/www.kurjerzy.pl\/blog\/wp-json\/wp\/v2\/users\/33"}],"replies":[{"embeddable":true,"href":"https:\/\/www.kurjerzy.pl\/blog\/wp-json\/wp\/v2\/comments?post=23062"}],"version-history":[{"count":6,"href":"https:\/\/www.kurjerzy.pl\/blog\/wp-json\/wp\/v2\/posts\/23062\/revisions"}],"predecessor-version":[{"id":23113,"href":"https:\/\/www.kurjerzy.pl\/blog\/wp-json\/wp\/v2\/posts\/23062\/revisions\/23113"}],"wp:featuredmedia":[{"embeddable":true,"href":"https:\/\/www.kurjerzy.pl\/blog\/wp-json\/wp\/v2\/media\/23073"}],"wp:attachment":[{"href":"https:\/\/www.kurjerzy.pl\/blog\/wp-json\/wp\/v2\/media?parent=23062"}],"wp:term":[{"taxonomy":"category","embeddable":true,"href":"https:\/\/www.kurjerzy.pl\/blog\/wp-json\/wp\/v2\/categories?post=23062"},{"taxonomy":"post_tag","embeddable":true,"href":"https:\/\/www.kurjerzy.pl\/blog\/wp-json\/wp\/v2\/tags?post=23062"}],"curies":[{"name":"wp","href":"https:\/\/api.w.org\/{rel}","templated":true}]}}