{"id":19227,"date":"2019-11-08T12:28:45","date_gmt":"2019-11-08T11:28:45","guid":{"rendered":"https:\/\/www.kurjerzy.pl\/blog\/?p=19227"},"modified":"2019-12-17T09:22:24","modified_gmt":"2019-12-17T08:22:24","slug":"strajk-przesylki-wysylane-do-finlandii","status":"publish","type":"post","link":"https:\/\/www.kurjerzy.pl\/blog\/firmy-kurierskie\/strajk-przesylki-wysylane-do-finlandii\/","title":{"rendered":"Strajk poczty op\u00f3\u017ani przesy\u0142ki wysy\u0142ane do Finlandii"},"content":{"rendered":"<p class=\"introduction\">Przesy\u0142ki do Finlandii b\u0119d\u0105 w listopadzie 2019 r. trafia\u0107 z du\u017cym op\u00f3\u017anieniem. Pow\u00f3d to strajk lokalnych s\u0142u\u017cb pocztowych. O potencjalnych problemach informuje ju\u017c jedna z firm z kurierskich zwi\u0105zana z serwisem KurJerzy.pl &#8211; GLS.<!--more--><\/p>\n<p>Krajowy oddzia\u0142 tej marki, <a target=\"_blank\" href=\"https:\/\/gls-group.eu\/FI\/fi\/home\" rel=\"noopener noreferrer\">GLS Finland<\/a> wyda\u0142 o\u015bwiadczenie, w kt\u00f3rym informuje, \u017ce od poniedzia\u0142ku 11 listopada trwa\u0107 b\u0119dzie strajk s\u0142u\u017cb pocztowych. Potrwa dwa tygodnie. Zako\u0144czy si\u0119 23 listopada 2019 r. GLS Finland zapowiada, \u017ce ma on wp\u0142yw na dor\u0119czenia i regularno\u015b\u0107 dostaw oraz odbior\u00f3w paczek &#8211; r\u00f3wnie\u017c nadawanych z Polski do Finlandii. Strajk sprawia, \u017ce firmy kurierskie z tego rejonu Europy z du\u017c\u0105 ostro\u017cno\u015bci\u0105 m\u00f3wi\u0105 o potencjalnych terminach dor\u0119cze\u0144. Jarmo Ainasoja, jeden z przedstawicieli fi\u0144skiego oddzia\u0142u krajowej poczty deklaruje nawet, \u017ce listy nadawane obecnie mog\u0105 nie trafi\u0107 do odbiorcy nawet\u2026 do pocz\u0105tku przysz\u0142ego roku.<\/p>\n<h2>Strajk pocztowc\u00f3w potrwa d\u0142u\u017cej ni\u017c 2 tygodnie?<\/h2>\n<p>Taki scenariusz jest mo\u017cliwy. Ainasoja w fi\u0144skich mediach twierdzi m.in, \u017ce w najgorszym przypadku przesy\u0142ki wysy\u0142ane do Finlandii mog\u0105 by\u0107 dostarczane nawet kilka tygodniu po zako\u0144czeniu strajku. Zapowiada r\u00f3wnie\u017c znacz\u0105ce r\u00f3\u017cnice w terminie dor\u0119cze\u0144. Cz\u0119\u015b\u0107 z przesy\u0142ek trafi do odbiorc\u00f3w zgodnie z harmonogramem. Inne &#8211; np. ze wzgl\u0119d\u00f3w logistycznych &#8211; z bardzo du\u017cym op\u00f3\u017anieniem.<br \/>\nPrzesy\u0142ki do Finlandii b\u0119d\u0105 zawieszone ze wzgl\u0119du na og\u0142oszony w ub. miesi\u0105cu 2-tygodniowy strajk cz\u0142onk\u00f3w Fi\u0144skiego Zwi\u0105zku Pocztowego i Logistycznego. Ich negocjacje z pracodawcami z sektora us\u0142ug nie przynios\u0142y skutku. Obie strony twierdz\u0105, \u017ce obecnie nie ma szans na porozumienie. W efekcie &#8211; nie ma szans na to, by przesy\u0142ki wysy\u0142ane do Finlandii by\u0142y dor\u0119czane zgodnie z terminami. Oczywi\u015bcie dotyczy to tak\u017ce czasu, w jakim kurierzy dor\u0119cz\u0105 <a href=\"https:\/\/www.kurjerzy.pl\/paczka-z-finlandii\/fi\">paczki z Finlandii<\/a>.<\/p>\n<h2>Us\u0142ugi kurierskie a przesy\u0142ki wysy\u0142ane do Finlandii<\/h2>\n<p>Strajk zorganizowany jest w wyj\u0105tkowo trudnym momencie dla firm kurierskich. Nadchodzi okres przed\u015bwi\u0105teczny i najwi\u0119ksze nat\u0119\u017cenie zlece\u0144 na us\u0142ugi kurierskie i pocztowe. Sytuacja w Finlandii sta\u0142a si\u0119 na tyle specyficzna, \u017ce przedstawiciele Posti &#8211; narodowego przewo\u017anika w kraju &#8211; namawiaj\u0105\u2026 do kolorystyki kopert. Priorytetowo chc\u0105 bowiem traktowa\u0107 kartki pocztowe z \u017cyczeniami na \u015bwi\u0119ta. St\u0105d pro\u015bby, by chowa\u0107 je do czerwonych kopert. To spowoduje, \u017ce zostan\u0105 obj\u0119te priorytetem sortowania i &#8211; jak zapowiada Ainasoja &#8211; maj\u0105 szans\u0119 na dor\u0119czenie przed \u015bwi\u0119tami.<\/p>\n<h2>Ni\u017csze wynagrodzenia dla pracownik\u00f3w poczty<\/h2>\n<p>Strajk i op\u00f3\u017anione przesy\u0142ki wysy\u0142ane do Finlandii to efekt zamieszania, do kt\u00f3rego dosz\u0142o w tym kraju latem tego roku. Wtedy Posti obni\u017cy\u0142o wynagrodzenia podstawowe prawie 700 pracownikom. Najbardziej zmiany odczuli pracownicy odpowiedzialni za sortowanie paczek &#8211; ich wynagrodzenia zmniejszy\u0142y si\u0119 \u015brednio o 30 proc. Ju\u017c wtedy przewodnicz\u0105ca zwi\u0105zkowc\u00f3w, Heidi Nieminen zapowiada\u0142a, \u017ce \u201cspowoduje to za\u0142amanie us\u0142ug kurierskich, poniewa\u017c trudno b\u0119dzie pozyska\u0107 kogokolwiek do pracy\u201d. W samym Tampere informacja o obni\u017ckach doprowadzi\u0142a do rezygnacji z pracy ok. 100 os\u00f3b.<\/p>\n\n      <br>\n      <div style=\"max-width:790px;height:920px;border: 1px solid #ECECEC;\">\n      <iframe style=\"width:100%;height:100%;border:0;\" src=\"https:\/\/kurjerzy.pl\/widget?type=1&sender_country=PL&recipient_country=FI\"><\/iframe>\n      <\/div>\n      ","protected":false},"excerpt":{"rendered":"<p>Przesy\u0142ki do Finlandii b\u0119d\u0105 w listopadzie 2019 r. trafia\u0107 z du\u017cym op\u00f3\u017anieniem. Pow\u00f3d to strajk lokalnych s\u0142u\u017cb pocztowych. O potencjalnych problemach informuje ju\u017c jedna z firm z kurierskich zwi\u0105zana z serwisem KurJerzy.pl &#8211; GLS.<\/p>\n","protected":false},"author":12,"featured_media":19237,"comment_status":"open","ping_status":"0","sticky":false,"template":"","format":"standard","meta":{"footnotes":""},"categories":[2],"tags":[974,1076,1179,2553],"class_list":["post-19227","post","type-post","status-publish","format-standard","has-post-thumbnail","hentry","category-firmy-kurierskie","tag-finlandia","tag-gls","tag-paczka-do-finlandii","tag-strajk"],"yoast_head":"<!-- This site is optimized with the Yoast SEO plugin v26.7 - https:\/\/yoast.com\/wordpress\/plugins\/seo\/ -->\n<title>Strajk poczty op\u00f3\u017ani przesy\u0142ki wysy\u0142ane do Finlandii | KurJerzy.pl<\/title>\n<meta name=\"description\" content=\"Przesy\u0142ki wysy\u0142ane do Finlandii trafi\u0105 do odbiorc\u00f3w jesieni\u0105 i zim\u0105 2019 r. z du\u017cym op\u00f3\u017anieniem. Zapowiada to ju\u017c GLS Finland. Pow\u00f3d to strajk poczty.\" \/>\n<meta name=\"robots\" content=\"index, follow, max-snippet:-1, max-image-preview:large, max-video-preview:-1\" \/>\n<link rel=\"canonical\" href=\"https:\/\/www.kurjerzy.pl\/blog\/firmy-kurierskie\/strajk-przesylki-wysylane-do-finlandii\/\" \/>\n<meta property=\"og:locale\" content=\"pl_PL\" \/>\n<meta property=\"og:type\" content=\"article\" \/>\n<meta property=\"og:title\" content=\"Strajk poczty op\u00f3\u017ani przesy\u0142ki wysy\u0142ane do Finlandii | KurJerzy.pl\" \/>\n<meta property=\"og:description\" content=\"Przesy\u0142ki wysy\u0142ane do Finlandii trafi\u0105 do odbiorc\u00f3w jesieni\u0105 i zim\u0105 2019 r. z du\u017cym op\u00f3\u017anieniem. Zapowiada to ju\u017c GLS Finland. Pow\u00f3d to strajk poczty.\" \/>\n<meta property=\"og:url\" content=\"https:\/\/www.kurjerzy.pl\/blog\/firmy-kurierskie\/strajk-przesylki-wysylane-do-finlandii\/\" \/>\n<meta property=\"og:site_name\" content=\"KurJerzy.pl | Blog KurJerzy.pl\" \/>\n<meta property=\"article:publisher\" content=\"https:\/\/www.facebook.com\/KurJerzy\" \/>\n<meta property=\"article:published_time\" content=\"2019-11-08T11:28:45+00:00\" \/>\n<meta property=\"article:modified_time\" content=\"2019-12-17T08:22:24+00:00\" \/>\n<meta property=\"og:image\" content=\"https:\/\/www.kurjerzy.pl\/blog\/wp-content\/uploads\/2019\/11\/blog_658.jpg\" \/>\n\t<meta property=\"og:image:width\" content=\"1200\" \/>\n\t<meta property=\"og:image:height\" content=\"750\" \/>\n\t<meta property=\"og:image:type\" content=\"image\/jpeg\" \/>\n<meta name=\"author\" content=\"Pawe\u0142 Rzeski\" \/>\n<meta name=\"twitter:card\" content=\"summary_large_image\" \/>\n<meta name=\"twitter:label1\" content=\"Napisane przez\" \/>\n\t<meta name=\"twitter:data1\" content=\"Pawe\u0142 Rzeski\" \/>\n\t<meta name=\"twitter:label2\" content=\"Szacowany czas czytania\" \/>\n\t<meta name=\"twitter:data2\" content=\"3 minuty\" \/>\n<script type=\"application\/ld+json\" class=\"yoast-schema-graph\">{\"@context\":\"https:\/\/schema.org\",\"@graph\":[{\"@type\":\"Article\",\"@id\":\"https:\/\/www.kurjerzy.pl\/blog\/firmy-kurierskie\/strajk-przesylki-wysylane-do-finlandii\/#article\",\"isPartOf\":{\"@id\":\"https:\/\/www.kurjerzy.pl\/blog\/firmy-kurierskie\/strajk-przesylki-wysylane-do-finlandii\/\"},\"author\":{\"name\":\"Pawe\u0142 Rzeski\",\"@id\":\"https:\/\/www.kurjerzy.pl\/blog\/#\/schema\/person\/3b3ec71b8f714565eb6b704685099357\"},\"headline\":\"Strajk poczty op\u00f3\u017ani przesy\u0142ki wysy\u0142ane do Finlandii\",\"datePublished\":\"2019-11-08T11:28:45+00:00\",\"dateModified\":\"2019-12-17T08:22:24+00:00\",\"mainEntityOfPage\":{\"@id\":\"https:\/\/www.kurjerzy.pl\/blog\/firmy-kurierskie\/strajk-przesylki-wysylane-do-finlandii\/\"},\"wordCount\":533,\"commentCount\":0,\"image\":{\"@id\":\"https:\/\/www.kurjerzy.pl\/blog\/firmy-kurierskie\/strajk-przesylki-wysylane-do-finlandii\/#primaryimage\"},\"thumbnailUrl\":\"https:\/\/www.kurjerzy.pl\/blog\/wp-content\/uploads\/2019\/11\/blog_658.jpg\",\"keywords\":[\"finlandia\",\"gls\",\"paczka do finlandii\",\"strajk\"],\"articleSection\":[\"Firmy kurierskie\"],\"inLanguage\":\"pl-PL\",\"potentialAction\":[{\"@type\":\"CommentAction\",\"name\":\"Comment\",\"target\":[\"https:\/\/www.kurjerzy.pl\/blog\/firmy-kurierskie\/strajk-przesylki-wysylane-do-finlandii\/#respond\"]}]},{\"@type\":\"WebPage\",\"@id\":\"https:\/\/www.kurjerzy.pl\/blog\/firmy-kurierskie\/strajk-przesylki-wysylane-do-finlandii\/\",\"url\":\"https:\/\/www.kurjerzy.pl\/blog\/firmy-kurierskie\/strajk-przesylki-wysylane-do-finlandii\/\",\"name\":\"Strajk poczty op\u00f3\u017ani przesy\u0142ki wysy\u0142ane do Finlandii | KurJerzy.pl\",\"isPartOf\":{\"@id\":\"https:\/\/www.kurjerzy.pl\/blog\/#website\"},\"primaryImageOfPage\":{\"@id\":\"https:\/\/www.kurjerzy.pl\/blog\/firmy-kurierskie\/strajk-przesylki-wysylane-do-finlandii\/#primaryimage\"},\"image\":{\"@id\":\"https:\/\/www.kurjerzy.pl\/blog\/firmy-kurierskie\/strajk-przesylki-wysylane-do-finlandii\/#primaryimage\"},\"thumbnailUrl\":\"https:\/\/www.kurjerzy.pl\/blog\/wp-content\/uploads\/2019\/11\/blog_658.jpg\",\"datePublished\":\"2019-11-08T11:28:45+00:00\",\"dateModified\":\"2019-12-17T08:22:24+00:00\",\"author\":{\"@id\":\"https:\/\/www.kurjerzy.pl\/blog\/#\/schema\/person\/3b3ec71b8f714565eb6b704685099357\"},\"description\":\"Przesy\u0142ki wysy\u0142ane do Finlandii trafi\u0105 do odbiorc\u00f3w jesieni\u0105 i zim\u0105 2019 r. z du\u017cym op\u00f3\u017anieniem. Zapowiada to ju\u017c GLS Finland. Pow\u00f3d to strajk poczty.\",\"breadcrumb\":{\"@id\":\"https:\/\/www.kurjerzy.pl\/blog\/firmy-kurierskie\/strajk-przesylki-wysylane-do-finlandii\/#breadcrumb\"},\"inLanguage\":\"pl-PL\",\"potentialAction\":[{\"@type\":\"ReadAction\",\"target\":[\"https:\/\/www.kurjerzy.pl\/blog\/firmy-kurierskie\/strajk-przesylki-wysylane-do-finlandii\/\"]}]},{\"@type\":\"ImageObject\",\"inLanguage\":\"pl-PL\",\"@id\":\"https:\/\/www.kurjerzy.pl\/blog\/firmy-kurierskie\/strajk-przesylki-wysylane-do-finlandii\/#primaryimage\",\"url\":\"https:\/\/www.kurjerzy.pl\/blog\/wp-content\/uploads\/2019\/11\/blog_658.jpg\",\"contentUrl\":\"https:\/\/www.kurjerzy.pl\/blog\/wp-content\/uploads\/2019\/11\/blog_658.jpg\",\"width\":1200,\"height\":750,\"caption\":\"Paczka do finlandii\"},{\"@type\":\"BreadcrumbList\",\"@id\":\"https:\/\/www.kurjerzy.pl\/blog\/firmy-kurierskie\/strajk-przesylki-wysylane-do-finlandii\/#breadcrumb\",\"itemListElement\":[{\"@type\":\"ListItem\",\"position\":1,\"name\":\"Strona g\u0142\u00f3wna\",\"item\":\"https:\/\/www.kurjerzy.pl\/blog\/\"},{\"@type\":\"ListItem\",\"position\":2,\"name\":\"Strajk poczty op\u00f3\u017ani przesy\u0142ki wysy\u0142ane do Finlandii\"}]},{\"@type\":\"WebSite\",\"@id\":\"https:\/\/www.kurjerzy.pl\/blog\/#website\",\"url\":\"https:\/\/www.kurjerzy.pl\/blog\/\",\"name\":\"KurJerzy.pl | Blog KurJerzy.pl\",\"description\":\"Blog - Przesy\u0142ki i firmy kurierskie\",\"potentialAction\":[{\"@type\":\"SearchAction\",\"target\":{\"@type\":\"EntryPoint\",\"urlTemplate\":\"https:\/\/www.kurjerzy.pl\/blog\/?s={search_term_string}\"},\"query-input\":{\"@type\":\"PropertyValueSpecification\",\"valueRequired\":true,\"valueName\":\"search_term_string\"}}],\"inLanguage\":\"pl-PL\"},{\"@type\":\"Person\",\"@id\":\"https:\/\/www.kurjerzy.pl\/blog\/#\/schema\/person\/3b3ec71b8f714565eb6b704685099357\",\"name\":\"Pawe\u0142 Rzeski\",\"image\":{\"@type\":\"ImageObject\",\"inLanguage\":\"pl-PL\",\"@id\":\"https:\/\/www.kurjerzy.pl\/blog\/#\/schema\/person\/image\/\",\"url\":\"https:\/\/www.kurjerzy.pl\/blog\/wp-content\/uploads\/2022\/04\/pawrze-150x150.jpg\",\"contentUrl\":\"https:\/\/www.kurjerzy.pl\/blog\/wp-content\/uploads\/2022\/04\/pawrze-150x150.jpg\",\"caption\":\"Pawe\u0142 Rzeski\"},\"description\":\"Dziennikarz-freelancer; od lat zwi\u0105zany z sektorem logistycznym. Mi\u0142o\u015bnik kolei oraz wszelkich form dostaw opartych na tej formie \u0142a\u0144cucha dostaw.\",\"url\":\"https:\/\/www.kurjerzy.pl\/blog\/author\/pawelrzekanowski\/\"}]}<\/script>\n<!-- \/ Yoast SEO plugin. -->","yoast_head_json":{"title":"Strajk poczty op\u00f3\u017ani przesy\u0142ki wysy\u0142ane do Finlandii | KurJerzy.pl","description":"Przesy\u0142ki wysy\u0142ane do Finlandii trafi\u0105 do odbiorc\u00f3w jesieni\u0105 i zim\u0105 2019 r. z du\u017cym op\u00f3\u017anieniem. Zapowiada to ju\u017c GLS Finland. Pow\u00f3d to strajk poczty.","robots":{"index":"index","follow":"follow","max-snippet":"max-snippet:-1","max-image-preview":"max-image-preview:large","max-video-preview":"max-video-preview:-1"},"canonical":"https:\/\/www.kurjerzy.pl\/blog\/firmy-kurierskie\/strajk-przesylki-wysylane-do-finlandii\/","og_locale":"pl_PL","og_type":"article","og_title":"Strajk poczty op\u00f3\u017ani przesy\u0142ki wysy\u0142ane do Finlandii | KurJerzy.pl","og_description":"Przesy\u0142ki wysy\u0142ane do Finlandii trafi\u0105 do odbiorc\u00f3w jesieni\u0105 i zim\u0105 2019 r. z du\u017cym op\u00f3\u017anieniem. Zapowiada to ju\u017c GLS Finland. Pow\u00f3d to strajk poczty.","og_url":"https:\/\/www.kurjerzy.pl\/blog\/firmy-kurierskie\/strajk-przesylki-wysylane-do-finlandii\/","og_site_name":"KurJerzy.pl | Blog KurJerzy.pl","article_publisher":"https:\/\/www.facebook.com\/KurJerzy","article_published_time":"2019-11-08T11:28:45+00:00","article_modified_time":"2019-12-17T08:22:24+00:00","og_image":[{"width":1200,"height":750,"url":"https:\/\/www.kurjerzy.pl\/blog\/wp-content\/uploads\/2019\/11\/blog_658.jpg","type":"image\/jpeg"}],"author":"Pawe\u0142 Rzeski","twitter_card":"summary_large_image","twitter_misc":{"Napisane przez":"Pawe\u0142 Rzeski","Szacowany czas czytania":"3 minuty"},"schema":{"@context":"https:\/\/schema.org","@graph":[{"@type":"Article","@id":"https:\/\/www.kurjerzy.pl\/blog\/firmy-kurierskie\/strajk-przesylki-wysylane-do-finlandii\/#article","isPartOf":{"@id":"https:\/\/www.kurjerzy.pl\/blog\/firmy-kurierskie\/strajk-przesylki-wysylane-do-finlandii\/"},"author":{"name":"Pawe\u0142 Rzeski","@id":"https:\/\/www.kurjerzy.pl\/blog\/#\/schema\/person\/3b3ec71b8f714565eb6b704685099357"},"headline":"Strajk poczty op\u00f3\u017ani przesy\u0142ki wysy\u0142ane do Finlandii","datePublished":"2019-11-08T11:28:45+00:00","dateModified":"2019-12-17T08:22:24+00:00","mainEntityOfPage":{"@id":"https:\/\/www.kurjerzy.pl\/blog\/firmy-kurierskie\/strajk-przesylki-wysylane-do-finlandii\/"},"wordCount":533,"commentCount":0,"image":{"@id":"https:\/\/www.kurjerzy.pl\/blog\/firmy-kurierskie\/strajk-przesylki-wysylane-do-finlandii\/#primaryimage"},"thumbnailUrl":"https:\/\/www.kurjerzy.pl\/blog\/wp-content\/uploads\/2019\/11\/blog_658.jpg","keywords":["finlandia","gls","paczka do finlandii","strajk"],"articleSection":["Firmy kurierskie"],"inLanguage":"pl-PL","potentialAction":[{"@type":"CommentAction","name":"Comment","target":["https:\/\/www.kurjerzy.pl\/blog\/firmy-kurierskie\/strajk-przesylki-wysylane-do-finlandii\/#respond"]}]},{"@type":"WebPage","@id":"https:\/\/www.kurjerzy.pl\/blog\/firmy-kurierskie\/strajk-przesylki-wysylane-do-finlandii\/","url":"https:\/\/www.kurjerzy.pl\/blog\/firmy-kurierskie\/strajk-przesylki-wysylane-do-finlandii\/","name":"Strajk poczty op\u00f3\u017ani przesy\u0142ki wysy\u0142ane do Finlandii | KurJerzy.pl","isPartOf":{"@id":"https:\/\/www.kurjerzy.pl\/blog\/#website"},"primaryImageOfPage":{"@id":"https:\/\/www.kurjerzy.pl\/blog\/firmy-kurierskie\/strajk-przesylki-wysylane-do-finlandii\/#primaryimage"},"image":{"@id":"https:\/\/www.kurjerzy.pl\/blog\/firmy-kurierskie\/strajk-przesylki-wysylane-do-finlandii\/#primaryimage"},"thumbnailUrl":"https:\/\/www.kurjerzy.pl\/blog\/wp-content\/uploads\/2019\/11\/blog_658.jpg","datePublished":"2019-11-08T11:28:45+00:00","dateModified":"2019-12-17T08:22:24+00:00","author":{"@id":"https:\/\/www.kurjerzy.pl\/blog\/#\/schema\/person\/3b3ec71b8f714565eb6b704685099357"},"description":"Przesy\u0142ki wysy\u0142ane do Finlandii trafi\u0105 do odbiorc\u00f3w jesieni\u0105 i zim\u0105 2019 r. z du\u017cym op\u00f3\u017anieniem. Zapowiada to ju\u017c GLS Finland. Pow\u00f3d to strajk poczty.","breadcrumb":{"@id":"https:\/\/www.kurjerzy.pl\/blog\/firmy-kurierskie\/strajk-przesylki-wysylane-do-finlandii\/#breadcrumb"},"inLanguage":"pl-PL","potentialAction":[{"@type":"ReadAction","target":["https:\/\/www.kurjerzy.pl\/blog\/firmy-kurierskie\/strajk-przesylki-wysylane-do-finlandii\/"]}]},{"@type":"ImageObject","inLanguage":"pl-PL","@id":"https:\/\/www.kurjerzy.pl\/blog\/firmy-kurierskie\/strajk-przesylki-wysylane-do-finlandii\/#primaryimage","url":"https:\/\/www.kurjerzy.pl\/blog\/wp-content\/uploads\/2019\/11\/blog_658.jpg","contentUrl":"https:\/\/www.kurjerzy.pl\/blog\/wp-content\/uploads\/2019\/11\/blog_658.jpg","width":1200,"height":750,"caption":"Paczka do finlandii"},{"@type":"BreadcrumbList","@id":"https:\/\/www.kurjerzy.pl\/blog\/firmy-kurierskie\/strajk-przesylki-wysylane-do-finlandii\/#breadcrumb","itemListElement":[{"@type":"ListItem","position":1,"name":"Strona g\u0142\u00f3wna","item":"https:\/\/www.kurjerzy.pl\/blog\/"},{"@type":"ListItem","position":2,"name":"Strajk poczty op\u00f3\u017ani przesy\u0142ki wysy\u0142ane do Finlandii"}]},{"@type":"WebSite","@id":"https:\/\/www.kurjerzy.pl\/blog\/#website","url":"https:\/\/www.kurjerzy.pl\/blog\/","name":"KurJerzy.pl | Blog KurJerzy.pl","description":"Blog - Przesy\u0142ki i firmy kurierskie","potentialAction":[{"@type":"SearchAction","target":{"@type":"EntryPoint","urlTemplate":"https:\/\/www.kurjerzy.pl\/blog\/?s={search_term_string}"},"query-input":{"@type":"PropertyValueSpecification","valueRequired":true,"valueName":"search_term_string"}}],"inLanguage":"pl-PL"},{"@type":"Person","@id":"https:\/\/www.kurjerzy.pl\/blog\/#\/schema\/person\/3b3ec71b8f714565eb6b704685099357","name":"Pawe\u0142 Rzeski","image":{"@type":"ImageObject","inLanguage":"pl-PL","@id":"https:\/\/www.kurjerzy.pl\/blog\/#\/schema\/person\/image\/","url":"https:\/\/www.kurjerzy.pl\/blog\/wp-content\/uploads\/2022\/04\/pawrze-150x150.jpg","contentUrl":"https:\/\/www.kurjerzy.pl\/blog\/wp-content\/uploads\/2022\/04\/pawrze-150x150.jpg","caption":"Pawe\u0142 Rzeski"},"description":"Dziennikarz-freelancer; od lat zwi\u0105zany z sektorem logistycznym. Mi\u0142o\u015bnik kolei oraz wszelkich form dostaw opartych na tej formie \u0142a\u0144cucha dostaw.","url":"https:\/\/www.kurjerzy.pl\/blog\/author\/pawelrzekanowski\/"}]}},"_links":{"self":[{"href":"https:\/\/www.kurjerzy.pl\/blog\/wp-json\/wp\/v2\/posts\/19227","targetHints":{"allow":["GET"]}}],"collection":[{"href":"https:\/\/www.kurjerzy.pl\/blog\/wp-json\/wp\/v2\/posts"}],"about":[{"href":"https:\/\/www.kurjerzy.pl\/blog\/wp-json\/wp\/v2\/types\/post"}],"author":[{"embeddable":true,"href":"https:\/\/www.kurjerzy.pl\/blog\/wp-json\/wp\/v2\/users\/12"}],"replies":[{"embeddable":true,"href":"https:\/\/www.kurjerzy.pl\/blog\/wp-json\/wp\/v2\/comments?post=19227"}],"version-history":[{"count":8,"href":"https:\/\/www.kurjerzy.pl\/blog\/wp-json\/wp\/v2\/posts\/19227\/revisions"}],"predecessor-version":[{"id":19753,"href":"https:\/\/www.kurjerzy.pl\/blog\/wp-json\/wp\/v2\/posts\/19227\/revisions\/19753"}],"wp:featuredmedia":[{"embeddable":true,"href":"https:\/\/www.kurjerzy.pl\/blog\/wp-json\/wp\/v2\/media\/19237"}],"wp:attachment":[{"href":"https:\/\/www.kurjerzy.pl\/blog\/wp-json\/wp\/v2\/media?parent=19227"}],"wp:term":[{"taxonomy":"category","embeddable":true,"href":"https:\/\/www.kurjerzy.pl\/blog\/wp-json\/wp\/v2\/categories?post=19227"},{"taxonomy":"post_tag","embeddable":true,"href":"https:\/\/www.kurjerzy.pl\/blog\/wp-json\/wp\/v2\/tags?post=19227"}],"curies":[{"name":"wp","href":"https:\/\/api.w.org\/{rel}","templated":true}]}}