{"id":13909,"date":"2019-02-08T06:23:58","date_gmt":"2019-02-08T05:23:58","guid":{"rendered":"https:\/\/www.kurjerzy.pl\/blog\/?p=13909"},"modified":"2025-06-11T09:56:42","modified_gmt":"2025-06-11T07:56:42","slug":"upcycling-czyli-jak-wykorzystac-zuzyte-opakowania-w-e-sklepie","status":"publish","type":"post","link":"https:\/\/www.kurjerzy.pl\/blog\/logistyka-w-eccommerce\/upcycling-czyli-jak-wykorzystac-zuzyte-opakowania-w-e-sklepie\/","title":{"rendered":"Upcycling, czyli jak wykorzysta\u0107 zu\u017cyte opakowania w e-sklepie"},"content":{"rendered":"<p class=\"introduction\">Upcycling jest poj\u0119ciem, kt\u00f3re pojawi\u0142o si\u0119 w 1994 roku, jego ojcem by\u0142 Reinera Pilza. Og\u00f3lnie chodzi o to, \u017ceby nada\u0107 zu\u017cytym produktom nowe \u017cycie. Opakowania wykorzysta\u0107 ponownie, meble odnowi\u0107, opony przerobi\u0107 na torby itd. Trend ten si\u0119 przyj\u0105\u0142. Stare znalezione ko\u0142o pojemnik\u00f3w na \u015bmieci stoliki staj\u0105 si\u0119 ma\u0142ymi dzie\u0142ami sztuki, a kartony mog\u0105 przyda\u0107 si\u0119 do uporz\u0105dkowania na przyk\u0142ad piwnicy. To jednak nie wszystko upcycling mog\u0105 wykorzysta\u0107 tak\u017ce sklepy internetowe. Wszystko po to, by nie tylko dba\u0107 o \u015brodowisko, ale tak\u017ce oszcz\u0119dzi\u0107 pieni\u0105dze.<\/p>\n<h2>Wszystko zaczyna si\u0119 od opakowania<\/h2>\n<p>W <a href=\"https:\/\/www.kurjerzy.pl\/blog\/aktualnosci\/personalizacja-przesylek-w-e-commerce\/\">e-commerce pude\u0142ko<\/a> ma bardzo wa\u017cne znaczenie w budowaniu do\u015bwiadcze\u0144 klienta. Wiadomo, \u017ce ch\u0119tniej odbieramy przesy\u0142ki w \u0142adnych pude\u0142kach, zabezpieczone foli\u0105 lub bibu\u0142\u0105. Te, owini\u0119te w gazet\u0119 i wsadzone do pude\u0142ka po butach nie budz\u0105 u nas takich emocji. Je\u015bli jeste\u015bmy firm\u0105 proekologiczn\u0105, to b\u0119dzie nam zale\u017ce\u0107 na jak najlepszym wykorzystaniu surowc\u00f3w, kt\u00f3re posiadamy, bez zb\u0119dnego ich niszczenia. Oczywi\u015bcie segregacja \u015bmieci te\u017c ma wp\u0142yw na \u015brodowisko, ale czy nie warto wykorzysta\u0107 stare opakowania raz jeszcze, nim przejd\u0105 do recyclingu?<\/p>\n<p>B\u0119d\u0105c przy opakowaniu wiele sklep\u00f3w pokusi\u0142o si\u0119 na stworzenia w\u0142asnych, \u0142adnych i bardzo funkcjonalnych pude\u0142ek, kt\u00f3re p\u00f3\u017aniej wykorzystane s\u0105 przez klient\u00f3w do stworzenia nietypowych szafeczek, p\u00f3\u0142eczek itp. \u015awietnym przyk\u0142adem s\u0105 pude\u0142ka z GlossyBox, subskrypcyjnego pude\u0142ka z kosmetykami.<\/p>\n<p style=\"text-align: center;\"><img loading=\"lazy\" decoding=\"async\" class=\"wp-image-13924 size-full aligncenter\" src=\"https:\/\/www.kurjerzy.pl\/blog\/wp-content\/uploads\/2019\/01\/glossy.jpg\" alt=\"\" width=\"520\" height=\"1755\" srcset=\"https:\/\/www.kurjerzy.pl\/blog\/wp-content\/uploads\/2019\/01\/glossy.jpg 520w, https:\/\/www.kurjerzy.pl\/blog\/wp-content\/uploads\/2019\/01\/glossy-89x300.jpg 89w, https:\/\/www.kurjerzy.pl\/blog\/wp-content\/uploads\/2019\/01\/glossy-303x1024.jpg 303w, https:\/\/www.kurjerzy.pl\/blog\/wp-content\/uploads\/2019\/01\/glossy-99x335.jpg 99w, https:\/\/www.kurjerzy.pl\/blog\/wp-content\/uploads\/2019\/01\/glossy-332x1120.jpg 332w\" sizes=\"auto, (max-width: 520px) 100vw, 520px\" \/><em>\u017ar\u00f3d\u0142o zdj\u0119cia:&nbsp;https:\/\/pl.pinterest.com\/pin\/305681893441643526\/<\/em><\/p>\n<p>Bardzo \u0142adne pude\u0142ka, szczeg\u00f3lnie te prezentowe ma Sephora i inne marki kosmetyczne. Jednak niekt\u00f3re firmy posz\u0142y dalej. Postanowi\u0142y wykorzysta\u0107 pude\u0142ko, jako no\u015bnik reklamowy lub rozrywkowy. Zappos nadrukowa\u0142 wewn\u0105trz swoich karton\u00f3w instrukcj\u0119 oraz wzory. Po wyj\u0119ciu but\u00f3w z opakowania pude\u0142ko mo\u017cna roz\u0142o\u017cy\u0107, poci\u0105\u0107 i zrobi\u0107 z niego np. uchwyt do smartfona, lam\u0119 3D, doniczk\u0119 i wiele innych rzeczy. Pojawi\u0142 si\u0119 odpowiedni hashtag #ImNotABox, kt\u00f3ry wykorzystywali klienci do chwalenia si\u0119 swoimi wzorami. Ca\u0142o\u015b\u0107 mia\u0142a te\u017c drugie dno, bowiem by\u0142a cz\u0119\u015bci\u0105 spo\u0142ecznej kampanii.<\/p>\n<p><img loading=\"lazy\" decoding=\"async\" class=\"alignnone wp-image-13921 size-full\" src=\"https:\/\/www.kurjerzy.pl\/blog\/wp-content\/uploads\/2019\/01\/zappos.jpg\" alt=\"\" width=\"1200\" height=\"1200\" srcset=\"https:\/\/www.kurjerzy.pl\/blog\/wp-content\/uploads\/2019\/01\/zappos.jpg 1200w, https:\/\/www.kurjerzy.pl\/blog\/wp-content\/uploads\/2019\/01\/zappos-150x150.jpg 150w, https:\/\/www.kurjerzy.pl\/blog\/wp-content\/uploads\/2019\/01\/zappos-300x300.jpg 300w, https:\/\/www.kurjerzy.pl\/blog\/wp-content\/uploads\/2019\/01\/zappos-768x768.jpg 768w, https:\/\/www.kurjerzy.pl\/blog\/wp-content\/uploads\/2019\/01\/zappos-1024x1024.jpg 1024w, https:\/\/www.kurjerzy.pl\/blog\/wp-content\/uploads\/2019\/01\/zappos-70x70.jpg 70w, https:\/\/www.kurjerzy.pl\/blog\/wp-content\/uploads\/2019\/01\/zappos-335x335.jpg 335w, https:\/\/www.kurjerzy.pl\/blog\/wp-content\/uploads\/2019\/01\/zappos-360x360.jpg 360w, https:\/\/www.kurjerzy.pl\/blog\/wp-content\/uploads\/2019\/01\/zappos-560x560.jpg 560w\" sizes=\"auto, (max-width: 1200px) 100vw, 1200px\" \/><\/p>\n<p style=\"text-align: center;\"><em>\u017ar\u00f3d\u0142o zdj\u0119cia:&nbsp;https:\/\/twitter.com\/hashtag\/imnotabox<\/em><\/p>\n<p><iframe loading=\"lazy\" title=\"Box Home #imnotabox by Zappo\" src=\"https:\/\/player.vimeo.com\/video\/167770803?dnt=1&amp;app_id=122963\" width=\"1140\" height=\"641\" frameborder=\"0\" allow=\"autoplay; fullscreen\" allowfullscreen><\/iframe><\/p>\n<p>Na podobne rozwi\u0105zanie wpad\u0142 LootCrate, box subskrypcyjny z gad\u017cetami z gier i film\u00f3w. Jedno z pude\u0142ek pozwala\u0142o na z\u0142o\u017cenie poni\u017cszej figurki.<\/p>\n<p><img loading=\"lazy\" decoding=\"async\" class=\"alignnone wp-image-13923 size-full\" src=\"https:\/\/www.kurjerzy.pl\/blog\/wp-content\/uploads\/2019\/01\/loot-crate-may-2017-40-1440x1423.jpg\" alt=\"\" width=\"1440\" height=\"1423\" srcset=\"https:\/\/www.kurjerzy.pl\/blog\/wp-content\/uploads\/2019\/01\/loot-crate-may-2017-40-1440x1423.jpg 1440w, https:\/\/www.kurjerzy.pl\/blog\/wp-content\/uploads\/2019\/01\/loot-crate-may-2017-40-1440x1423-300x296.jpg 300w, https:\/\/www.kurjerzy.pl\/blog\/wp-content\/uploads\/2019\/01\/loot-crate-may-2017-40-1440x1423-768x759.jpg 768w, https:\/\/www.kurjerzy.pl\/blog\/wp-content\/uploads\/2019\/01\/loot-crate-may-2017-40-1440x1423-1024x1012.jpg 1024w, https:\/\/www.kurjerzy.pl\/blog\/wp-content\/uploads\/2019\/01\/loot-crate-may-2017-40-1440x1423-70x70.jpg 70w, https:\/\/www.kurjerzy.pl\/blog\/wp-content\/uploads\/2019\/01\/loot-crate-may-2017-40-1440x1423-335x331.jpg 335w, https:\/\/www.kurjerzy.pl\/blog\/wp-content\/uploads\/2019\/01\/loot-crate-may-2017-40-1440x1423-560x553.jpg 560w\" sizes=\"auto, (max-width: 1440px) 100vw, 1440px\" \/><\/p>\n<p style=\"text-align: center;\"><em>\u017ar\u00f3d\u0142o zdj\u0119cia:&nbsp;https:\/\/hellosubscription.com\/2017\/05\/loot-crate-may-2017-review-coupons-guardians\/<\/em><\/p>\n<p>Pizza Hut dostarcza\u0142a pizz\u0119 w specjalnych pude\u0142kach, kt\u00f3re mo\u017cna by\u0142o przerobi\u0107 na projektor i obejrze\u0107 wraz ze znajomymi film. No i przy okazji zje\u015b\u0107 smaczny posi\u0142ek.<\/p>\n<p><iframe loading=\"lazy\" title=\"Ogilvy &amp;amp; Mather HK - Blockbuster Pizza Box\" src=\"https:\/\/player.vimeo.com\/video\/128447033?dnt=1&amp;app_id=122963\" width=\"1140\" height=\"641\" frameborder=\"0\" allow=\"autoplay; fullscreen\" allowfullscreen><\/iframe><\/p>\n<p>TrunkClub dostarcza produkty w niesamowicie \u0142adnych pude\u0142kach przypominaj\u0105cych kartonowe walizki. Te opakowania, a\u017c prosz\u0105 si\u0119 o ponowne ich wykorzystanie.<\/p>\n<p><img loading=\"lazy\" decoding=\"async\" class=\"alignnone wp-image-13917 size-full\" src=\"https:\/\/www.kurjerzy.pl\/blog\/wp-content\/uploads\/2019\/01\/benefit-trunks_3daec0b0-08f8-4878-9775-33344ea2fa03.jpg\" alt=\"\" width=\"960\" height=\"747\" srcset=\"https:\/\/www.kurjerzy.pl\/blog\/wp-content\/uploads\/2019\/01\/benefit-trunks_3daec0b0-08f8-4878-9775-33344ea2fa03.jpg 960w, https:\/\/www.kurjerzy.pl\/blog\/wp-content\/uploads\/2019\/01\/benefit-trunks_3daec0b0-08f8-4878-9775-33344ea2fa03-300x233.jpg 300w, https:\/\/www.kurjerzy.pl\/blog\/wp-content\/uploads\/2019\/01\/benefit-trunks_3daec0b0-08f8-4878-9775-33344ea2fa03-768x598.jpg 768w, https:\/\/www.kurjerzy.pl\/blog\/wp-content\/uploads\/2019\/01\/benefit-trunks_3daec0b0-08f8-4878-9775-33344ea2fa03-335x261.jpg 335w, https:\/\/www.kurjerzy.pl\/blog\/wp-content\/uploads\/2019\/01\/benefit-trunks_3daec0b0-08f8-4878-9775-33344ea2fa03-560x436.jpg 560w\" sizes=\"auto, (max-width: 960px) 100vw, 960px\" \/><\/p>\n<p style=\"text-align: center;\"><em>\u017ar\u00f3d\u0142o zdj\u0119cia:&nbsp;https:\/\/www.trunkclub.com\/<\/em><\/p>\n<h2>Jak wykorzysta\u0107 stare opakowania w e-sklepie?<\/h2>\n<p>No w\u0142a\u015bnie, ca\u0142y czas pokazujemy tylko rozwi\u0105zania skierowane do klient\u00f3w. Czy mo\u017cna wykorzysta\u0107 stare koperty b\u0105belkowe i pude\u0142ka kartonowe? Okazuje si\u0119, \u017ce tak. Przede wszystkim stare pude\u0142ka kartonowe mog\u0105 zosta\u0107 ponacinane i przerobione na wype\u0142niacze paczek.<\/p>\n<p><iframe loading=\"lazy\" title=\"DAMET maszyna EKOMET do produkcji wype\u0142niacza z tektury, nacinarka do karton\u00f3w\" width=\"1140\" height=\"641\" src=\"https:\/\/www.youtube.com\/embed\/6NeuOuscvcQ?feature=oembed\" frameborder=\"0\" allow=\"accelerometer; autoplay; encrypted-media; gyroscope; picture-in-picture\" allowfullscreen><\/iframe><\/p>\n<p>Wype\u0142niacze tego typu maj\u0105 bardzo du\u017co zastosowa\u0144 i s\u0105 estetyczne, a przy okazji pozwalaj\u0105 na pozbycie si\u0119 starych pude\u0142ek.<\/p>\n<p>Stare koperty b\u0105belkowe, to tak naprawd\u0119 skarbnica folii, kt\u00f3r\u0105 tak\u017ce mo\u017cna wykorzysta\u0107 do wype\u0142nienia opakowa\u0144, a tak\u017ce do pakowania drobnych produkt\u00f3w. Obecnie koperty s\u0105 produkowane w taki spos\u00f3b, \u017ce bardzo \u0142atwo mo\u017cna z nich usun\u0105\u0107 \u015brodek. Jeszcze lepsze s\u0105 koperty b\u0105belkowe metaliczne, lakierowane, kt\u00f3re naprawd\u0119 mog\u0105 by\u0107 wykorzystane do ponownego u\u017cytku. Dodatkowo warto pami\u0119ta\u0107, \u017ce b\u0105belki te mo\u017cna zastosowa\u0107 do ochrony ro\u015blin przed mrozem.<\/p>\n<p><img loading=\"lazy\" decoding=\"async\" class=\"wp-image-13930 size-full aligncenter\" src=\"https:\/\/www.kurjerzy.pl\/blog\/wp-content\/uploads\/2019\/01\/Koperta-metaliczna-purpurowa.jpg\" alt=\"\" width=\"500\" height=\"500\" srcset=\"https:\/\/www.kurjerzy.pl\/blog\/wp-content\/uploads\/2019\/01\/Koperta-metaliczna-purpurowa.jpg 500w, https:\/\/www.kurjerzy.pl\/blog\/wp-content\/uploads\/2019\/01\/Koperta-metaliczna-purpurowa-150x150.jpg 150w, https:\/\/www.kurjerzy.pl\/blog\/wp-content\/uploads\/2019\/01\/Koperta-metaliczna-purpurowa-300x300.jpg 300w, https:\/\/www.kurjerzy.pl\/blog\/wp-content\/uploads\/2019\/01\/Koperta-metaliczna-purpurowa-70x70.jpg 70w, https:\/\/www.kurjerzy.pl\/blog\/wp-content\/uploads\/2019\/01\/Koperta-metaliczna-purpurowa-335x335.jpg 335w, https:\/\/www.kurjerzy.pl\/blog\/wp-content\/uploads\/2019\/01\/Koperta-metaliczna-purpurowa-360x360.jpg 360w\" sizes=\"auto, (max-width: 500px) 100vw, 500px\" \/><\/p>\n<p style=\"text-align: center;\"><em>\u017ar\u00f3d\u0142o zdj\u0119cia:&nbsp;https:\/\/neopak.pl\/koperty-babelkowe\/koperty-metaliczne<\/em><\/p>\n<p>Tak naprawd\u0119 nic nie ogranicza nas w ponownym wykorzystaniu wielu z naszych opakowa\u0144. Oczywi\u015bcie nie wy\u015blemy paczki w pomazanym pude\u0142ku, czy zu\u017cytej kopercie, ale zawsze mo\u017cemy podda\u0107 je obr\u00f3bce i wykorzysta\u0107 w innym celu. Skrawki folii b\u0105belkowej zawsze przydadz\u0105 si\u0119 do uzupe\u0142niania pustych przestrzeni w pude\u0142kach. Karton nawet je\u015bli nie zostanie przerobiony, to zawsze mo\u017cne zosta\u0107 u\u017cyty do magazynowania towar\u00f3w.<\/p>\n","protected":false},"excerpt":{"rendered":"<p>Upcycling jest poj\u0119ciem, kt\u00f3re pojawi\u0142o si\u0119 w 1994 roku, jego ojcem by\u0142 Reinera Pilza. Og\u00f3lnie chodzi o to, \u017ceby nada\u0107 zu\u017cytym produktom nowe \u017cycie. Opakowania wykorzysta\u0107 ponownie, meble odnowi\u0107, opony przerobi\u0107 na torby itd. Trend ten si\u0119 przyj\u0105\u0142. Stare znalezione ko\u0142o pojemnik\u00f3w na \u015bmieci stoliki staj\u0105 si\u0119 ma\u0142ymi dzie\u0142ami sztuki, a kartony mog\u0105 przyda\u0107 si\u0119 &#8230;<\/p>\n","protected":false},"author":21,"featured_media":13942,"comment_status":"open","ping_status":"closed","sticky":false,"template":"","format":"standard","meta":{"footnotes":""},"categories":[2527],"tags":[1938,1906],"class_list":["post-13909","post","type-post","status-publish","format-standard","has-post-thumbnail","hentry","category-logistyka-w-eccommerce","tag-koperty-babelkowe","tag-sklep-internetowy"],"yoast_head":"<!-- This site is optimized with the Yoast SEO plugin v26.7 - https:\/\/yoast.com\/wordpress\/plugins\/seo\/ -->\n<title>Upcycling, czyli jak wykorzysta\u0107 zu\u017cyte opakowania w e-sklepie | KurJerzy.pl<\/title>\n<meta name=\"description\" content=\"Upcycling, czyli jak wykorzysta\u0107 zu\u017cyte opakowania w e-sklepie. pcycling jest poj\u0119ciem, kt\u00f3re pojawi\u0142o si\u0119 w 1994 roku, jego ojcem by\u0142 Reinera Pilza.\" \/>\n<meta name=\"robots\" content=\"index, follow, max-snippet:-1, max-image-preview:large, max-video-preview:-1\" \/>\n<link rel=\"canonical\" href=\"https:\/\/www.kurjerzy.pl\/blog\/logistyka-w-eccommerce\/upcycling-czyli-jak-wykorzystac-zuzyte-opakowania-w-e-sklepie\/\" \/>\n<meta property=\"og:locale\" content=\"pl_PL\" \/>\n<meta property=\"og:type\" content=\"article\" \/>\n<meta property=\"og:title\" content=\"Upcycling, czyli jak wykorzysta\u0107 zu\u017cyte opakowania w e-sklepie | KurJerzy.pl\" \/>\n<meta property=\"og:description\" content=\"Upcycling, czyli jak wykorzysta\u0107 zu\u017cyte opakowania w e-sklepie. pcycling jest poj\u0119ciem, kt\u00f3re pojawi\u0142o si\u0119 w 1994 roku, jego ojcem by\u0142 Reinera Pilza.\" \/>\n<meta property=\"og:url\" content=\"https:\/\/www.kurjerzy.pl\/blog\/logistyka-w-eccommerce\/upcycling-czyli-jak-wykorzystac-zuzyte-opakowania-w-e-sklepie\/\" \/>\n<meta property=\"og:site_name\" content=\"KurJerzy.pl | Blog KurJerzy.pl\" \/>\n<meta property=\"article:publisher\" content=\"https:\/\/www.facebook.com\/KurJerzy\" \/>\n<meta property=\"article:published_time\" content=\"2019-02-08T05:23:58+00:00\" \/>\n<meta property=\"article:modified_time\" content=\"2025-06-11T07:56:42+00:00\" \/>\n<meta property=\"og:image\" content=\"https:\/\/www.kurjerzy.pl\/blog\/wp-content\/uploads\/2019\/01\/blog_498.jpg\" \/>\n\t<meta property=\"og:image:width\" content=\"1024\" \/>\n\t<meta property=\"og:image:height\" content=\"768\" \/>\n\t<meta property=\"og:image:type\" content=\"image\/jpeg\" \/>\n<meta name=\"author\" content=\"Paulina Wawrzyczek\" \/>\n<meta name=\"twitter:card\" content=\"summary_large_image\" \/>\n<meta name=\"twitter:label1\" content=\"Napisane przez\" \/>\n\t<meta name=\"twitter:data1\" content=\"Paulina Wawrzyczek\" \/>\n\t<meta name=\"twitter:label2\" content=\"Szacowany czas czytania\" \/>\n\t<meta name=\"twitter:data2\" content=\"4 minuty\" \/>\n<script type=\"application\/ld+json\" class=\"yoast-schema-graph\">{\"@context\":\"https:\/\/schema.org\",\"@graph\":[{\"@type\":\"Article\",\"@id\":\"https:\/\/www.kurjerzy.pl\/blog\/logistyka-w-eccommerce\/upcycling-czyli-jak-wykorzystac-zuzyte-opakowania-w-e-sklepie\/#article\",\"isPartOf\":{\"@id\":\"https:\/\/www.kurjerzy.pl\/blog\/logistyka-w-eccommerce\/upcycling-czyli-jak-wykorzystac-zuzyte-opakowania-w-e-sklepie\/\"},\"author\":{\"name\":\"Paulina Wawrzyczek\",\"@id\":\"https:\/\/www.kurjerzy.pl\/blog\/#\/schema\/person\/390f177f9da8f6aaa7d910931a6f2006\"},\"headline\":\"Upcycling, czyli jak wykorzysta\u0107 zu\u017cyte opakowania w e-sklepie\",\"datePublished\":\"2019-02-08T05:23:58+00:00\",\"dateModified\":\"2025-06-11T07:56:42+00:00\",\"mainEntityOfPage\":{\"@id\":\"https:\/\/www.kurjerzy.pl\/blog\/logistyka-w-eccommerce\/upcycling-czyli-jak-wykorzystac-zuzyte-opakowania-w-e-sklepie\/\"},\"wordCount\":734,\"commentCount\":0,\"image\":{\"@id\":\"https:\/\/www.kurjerzy.pl\/blog\/logistyka-w-eccommerce\/upcycling-czyli-jak-wykorzystac-zuzyte-opakowania-w-e-sklepie\/#primaryimage\"},\"thumbnailUrl\":\"https:\/\/www.kurjerzy.pl\/blog\/wp-content\/uploads\/2019\/01\/blog_498.jpg\",\"keywords\":[\"koperty b\u0105belkowe\",\"sklep internetowy\"],\"articleSection\":[\"Logistyka w e-commerce\"],\"inLanguage\":\"pl-PL\",\"potentialAction\":[{\"@type\":\"CommentAction\",\"name\":\"Comment\",\"target\":[\"https:\/\/www.kurjerzy.pl\/blog\/logistyka-w-eccommerce\/upcycling-czyli-jak-wykorzystac-zuzyte-opakowania-w-e-sklepie\/#respond\"]}]},{\"@type\":\"WebPage\",\"@id\":\"https:\/\/www.kurjerzy.pl\/blog\/logistyka-w-eccommerce\/upcycling-czyli-jak-wykorzystac-zuzyte-opakowania-w-e-sklepie\/\",\"url\":\"https:\/\/www.kurjerzy.pl\/blog\/logistyka-w-eccommerce\/upcycling-czyli-jak-wykorzystac-zuzyte-opakowania-w-e-sklepie\/\",\"name\":\"Upcycling, czyli jak wykorzysta\u0107 zu\u017cyte opakowania w e-sklepie | KurJerzy.pl\",\"isPartOf\":{\"@id\":\"https:\/\/www.kurjerzy.pl\/blog\/#website\"},\"primaryImageOfPage\":{\"@id\":\"https:\/\/www.kurjerzy.pl\/blog\/logistyka-w-eccommerce\/upcycling-czyli-jak-wykorzystac-zuzyte-opakowania-w-e-sklepie\/#primaryimage\"},\"image\":{\"@id\":\"https:\/\/www.kurjerzy.pl\/blog\/logistyka-w-eccommerce\/upcycling-czyli-jak-wykorzystac-zuzyte-opakowania-w-e-sklepie\/#primaryimage\"},\"thumbnailUrl\":\"https:\/\/www.kurjerzy.pl\/blog\/wp-content\/uploads\/2019\/01\/blog_498.jpg\",\"datePublished\":\"2019-02-08T05:23:58+00:00\",\"dateModified\":\"2025-06-11T07:56:42+00:00\",\"author\":{\"@id\":\"https:\/\/www.kurjerzy.pl\/blog\/#\/schema\/person\/390f177f9da8f6aaa7d910931a6f2006\"},\"description\":\"Upcycling, czyli jak wykorzysta\u0107 zu\u017cyte opakowania w e-sklepie. pcycling jest poj\u0119ciem, kt\u00f3re pojawi\u0142o si\u0119 w 1994 roku, jego ojcem by\u0142 Reinera Pilza.\",\"breadcrumb\":{\"@id\":\"https:\/\/www.kurjerzy.pl\/blog\/logistyka-w-eccommerce\/upcycling-czyli-jak-wykorzystac-zuzyte-opakowania-w-e-sklepie\/#breadcrumb\"},\"inLanguage\":\"pl-PL\",\"potentialAction\":[{\"@type\":\"ReadAction\",\"target\":[\"https:\/\/www.kurjerzy.pl\/blog\/logistyka-w-eccommerce\/upcycling-czyli-jak-wykorzystac-zuzyte-opakowania-w-e-sklepie\/\"]}]},{\"@type\":\"ImageObject\",\"inLanguage\":\"pl-PL\",\"@id\":\"https:\/\/www.kurjerzy.pl\/blog\/logistyka-w-eccommerce\/upcycling-czyli-jak-wykorzystac-zuzyte-opakowania-w-e-sklepie\/#primaryimage\",\"url\":\"https:\/\/www.kurjerzy.pl\/blog\/wp-content\/uploads\/2019\/01\/blog_498.jpg\",\"contentUrl\":\"https:\/\/www.kurjerzy.pl\/blog\/wp-content\/uploads\/2019\/01\/blog_498.jpg\",\"width\":1024,\"height\":768,\"caption\":\"Opakowania\"},{\"@type\":\"BreadcrumbList\",\"@id\":\"https:\/\/www.kurjerzy.pl\/blog\/logistyka-w-eccommerce\/upcycling-czyli-jak-wykorzystac-zuzyte-opakowania-w-e-sklepie\/#breadcrumb\",\"itemListElement\":[{\"@type\":\"ListItem\",\"position\":1,\"name\":\"Strona g\u0142\u00f3wna\",\"item\":\"https:\/\/www.kurjerzy.pl\/blog\/\"},{\"@type\":\"ListItem\",\"position\":2,\"name\":\"Upcycling, czyli jak wykorzysta\u0107 zu\u017cyte opakowania w e-sklepie\"}]},{\"@type\":\"WebSite\",\"@id\":\"https:\/\/www.kurjerzy.pl\/blog\/#website\",\"url\":\"https:\/\/www.kurjerzy.pl\/blog\/\",\"name\":\"KurJerzy.pl | Blog KurJerzy.pl\",\"description\":\"Blog - Przesy\u0142ki i firmy kurierskie\",\"potentialAction\":[{\"@type\":\"SearchAction\",\"target\":{\"@type\":\"EntryPoint\",\"urlTemplate\":\"https:\/\/www.kurjerzy.pl\/blog\/?s={search_term_string}\"},\"query-input\":{\"@type\":\"PropertyValueSpecification\",\"valueRequired\":true,\"valueName\":\"search_term_string\"}}],\"inLanguage\":\"pl-PL\"},{\"@type\":\"Person\",\"@id\":\"https:\/\/www.kurjerzy.pl\/blog\/#\/schema\/person\/390f177f9da8f6aaa7d910931a6f2006\",\"name\":\"Paulina Wawrzyczek\",\"image\":{\"@type\":\"ImageObject\",\"inLanguage\":\"pl-PL\",\"@id\":\"https:\/\/www.kurjerzy.pl\/blog\/#\/schema\/person\/image\/\",\"url\":\"https:\/\/www.kurjerzy.pl\/blog\/wp-content\/uploads\/2018\/07\/paulinaw-150x150.jpg\",\"contentUrl\":\"https:\/\/www.kurjerzy.pl\/blog\/wp-content\/uploads\/2018\/07\/paulinaw-150x150.jpg\",\"caption\":\"Paulina Wawrzyczek\"},\"description\":\"Pomagam sklepom internetowym zar\u00f3wno w dzia\u0142aniach marketingowych, jak i przy optymalizacji proces\u00f3w logistycznych. Nale\u017c\u0119 do tych os\u00f3b, kt\u00f3rym uda\u0142o si\u0119 przerobi\u0107 hobby i zainteresowania w prac\u0119. Prywatnie mam s\u0142abo\u015b\u0107 do czarnych sukienek, fuksjowych szminek, zbyt szybkiej jazdy samochodem i do ps\u00f3w.\",\"url\":\"https:\/\/www.kurjerzy.pl\/blog\/author\/paulinawawrzyczek\/\"}]}<\/script>\n<!-- \/ Yoast SEO plugin. -->","yoast_head_json":{"title":"Upcycling, czyli jak wykorzysta\u0107 zu\u017cyte opakowania w e-sklepie | KurJerzy.pl","description":"Upcycling, czyli jak wykorzysta\u0107 zu\u017cyte opakowania w e-sklepie. pcycling jest poj\u0119ciem, kt\u00f3re pojawi\u0142o si\u0119 w 1994 roku, jego ojcem by\u0142 Reinera Pilza.","robots":{"index":"index","follow":"follow","max-snippet":"max-snippet:-1","max-image-preview":"max-image-preview:large","max-video-preview":"max-video-preview:-1"},"canonical":"https:\/\/www.kurjerzy.pl\/blog\/logistyka-w-eccommerce\/upcycling-czyli-jak-wykorzystac-zuzyte-opakowania-w-e-sklepie\/","og_locale":"pl_PL","og_type":"article","og_title":"Upcycling, czyli jak wykorzysta\u0107 zu\u017cyte opakowania w e-sklepie | KurJerzy.pl","og_description":"Upcycling, czyli jak wykorzysta\u0107 zu\u017cyte opakowania w e-sklepie. pcycling jest poj\u0119ciem, kt\u00f3re pojawi\u0142o si\u0119 w 1994 roku, jego ojcem by\u0142 Reinera Pilza.","og_url":"https:\/\/www.kurjerzy.pl\/blog\/logistyka-w-eccommerce\/upcycling-czyli-jak-wykorzystac-zuzyte-opakowania-w-e-sklepie\/","og_site_name":"KurJerzy.pl | Blog KurJerzy.pl","article_publisher":"https:\/\/www.facebook.com\/KurJerzy","article_published_time":"2019-02-08T05:23:58+00:00","article_modified_time":"2025-06-11T07:56:42+00:00","og_image":[{"width":1024,"height":768,"url":"https:\/\/www.kurjerzy.pl\/blog\/wp-content\/uploads\/2019\/01\/blog_498.jpg","type":"image\/jpeg"}],"author":"Paulina Wawrzyczek","twitter_card":"summary_large_image","twitter_misc":{"Napisane przez":"Paulina Wawrzyczek","Szacowany czas czytania":"4 minuty"},"schema":{"@context":"https:\/\/schema.org","@graph":[{"@type":"Article","@id":"https:\/\/www.kurjerzy.pl\/blog\/logistyka-w-eccommerce\/upcycling-czyli-jak-wykorzystac-zuzyte-opakowania-w-e-sklepie\/#article","isPartOf":{"@id":"https:\/\/www.kurjerzy.pl\/blog\/logistyka-w-eccommerce\/upcycling-czyli-jak-wykorzystac-zuzyte-opakowania-w-e-sklepie\/"},"author":{"name":"Paulina Wawrzyczek","@id":"https:\/\/www.kurjerzy.pl\/blog\/#\/schema\/person\/390f177f9da8f6aaa7d910931a6f2006"},"headline":"Upcycling, czyli jak wykorzysta\u0107 zu\u017cyte opakowania w e-sklepie","datePublished":"2019-02-08T05:23:58+00:00","dateModified":"2025-06-11T07:56:42+00:00","mainEntityOfPage":{"@id":"https:\/\/www.kurjerzy.pl\/blog\/logistyka-w-eccommerce\/upcycling-czyli-jak-wykorzystac-zuzyte-opakowania-w-e-sklepie\/"},"wordCount":734,"commentCount":0,"image":{"@id":"https:\/\/www.kurjerzy.pl\/blog\/logistyka-w-eccommerce\/upcycling-czyli-jak-wykorzystac-zuzyte-opakowania-w-e-sklepie\/#primaryimage"},"thumbnailUrl":"https:\/\/www.kurjerzy.pl\/blog\/wp-content\/uploads\/2019\/01\/blog_498.jpg","keywords":["koperty b\u0105belkowe","sklep internetowy"],"articleSection":["Logistyka w e-commerce"],"inLanguage":"pl-PL","potentialAction":[{"@type":"CommentAction","name":"Comment","target":["https:\/\/www.kurjerzy.pl\/blog\/logistyka-w-eccommerce\/upcycling-czyli-jak-wykorzystac-zuzyte-opakowania-w-e-sklepie\/#respond"]}]},{"@type":"WebPage","@id":"https:\/\/www.kurjerzy.pl\/blog\/logistyka-w-eccommerce\/upcycling-czyli-jak-wykorzystac-zuzyte-opakowania-w-e-sklepie\/","url":"https:\/\/www.kurjerzy.pl\/blog\/logistyka-w-eccommerce\/upcycling-czyli-jak-wykorzystac-zuzyte-opakowania-w-e-sklepie\/","name":"Upcycling, czyli jak wykorzysta\u0107 zu\u017cyte opakowania w e-sklepie | KurJerzy.pl","isPartOf":{"@id":"https:\/\/www.kurjerzy.pl\/blog\/#website"},"primaryImageOfPage":{"@id":"https:\/\/www.kurjerzy.pl\/blog\/logistyka-w-eccommerce\/upcycling-czyli-jak-wykorzystac-zuzyte-opakowania-w-e-sklepie\/#primaryimage"},"image":{"@id":"https:\/\/www.kurjerzy.pl\/blog\/logistyka-w-eccommerce\/upcycling-czyli-jak-wykorzystac-zuzyte-opakowania-w-e-sklepie\/#primaryimage"},"thumbnailUrl":"https:\/\/www.kurjerzy.pl\/blog\/wp-content\/uploads\/2019\/01\/blog_498.jpg","datePublished":"2019-02-08T05:23:58+00:00","dateModified":"2025-06-11T07:56:42+00:00","author":{"@id":"https:\/\/www.kurjerzy.pl\/blog\/#\/schema\/person\/390f177f9da8f6aaa7d910931a6f2006"},"description":"Upcycling, czyli jak wykorzysta\u0107 zu\u017cyte opakowania w e-sklepie. pcycling jest poj\u0119ciem, kt\u00f3re pojawi\u0142o si\u0119 w 1994 roku, jego ojcem by\u0142 Reinera Pilza.","breadcrumb":{"@id":"https:\/\/www.kurjerzy.pl\/blog\/logistyka-w-eccommerce\/upcycling-czyli-jak-wykorzystac-zuzyte-opakowania-w-e-sklepie\/#breadcrumb"},"inLanguage":"pl-PL","potentialAction":[{"@type":"ReadAction","target":["https:\/\/www.kurjerzy.pl\/blog\/logistyka-w-eccommerce\/upcycling-czyli-jak-wykorzystac-zuzyte-opakowania-w-e-sklepie\/"]}]},{"@type":"ImageObject","inLanguage":"pl-PL","@id":"https:\/\/www.kurjerzy.pl\/blog\/logistyka-w-eccommerce\/upcycling-czyli-jak-wykorzystac-zuzyte-opakowania-w-e-sklepie\/#primaryimage","url":"https:\/\/www.kurjerzy.pl\/blog\/wp-content\/uploads\/2019\/01\/blog_498.jpg","contentUrl":"https:\/\/www.kurjerzy.pl\/blog\/wp-content\/uploads\/2019\/01\/blog_498.jpg","width":1024,"height":768,"caption":"Opakowania"},{"@type":"BreadcrumbList","@id":"https:\/\/www.kurjerzy.pl\/blog\/logistyka-w-eccommerce\/upcycling-czyli-jak-wykorzystac-zuzyte-opakowania-w-e-sklepie\/#breadcrumb","itemListElement":[{"@type":"ListItem","position":1,"name":"Strona g\u0142\u00f3wna","item":"https:\/\/www.kurjerzy.pl\/blog\/"},{"@type":"ListItem","position":2,"name":"Upcycling, czyli jak wykorzysta\u0107 zu\u017cyte opakowania w e-sklepie"}]},{"@type":"WebSite","@id":"https:\/\/www.kurjerzy.pl\/blog\/#website","url":"https:\/\/www.kurjerzy.pl\/blog\/","name":"KurJerzy.pl | Blog KurJerzy.pl","description":"Blog - Przesy\u0142ki i firmy kurierskie","potentialAction":[{"@type":"SearchAction","target":{"@type":"EntryPoint","urlTemplate":"https:\/\/www.kurjerzy.pl\/blog\/?s={search_term_string}"},"query-input":{"@type":"PropertyValueSpecification","valueRequired":true,"valueName":"search_term_string"}}],"inLanguage":"pl-PL"},{"@type":"Person","@id":"https:\/\/www.kurjerzy.pl\/blog\/#\/schema\/person\/390f177f9da8f6aaa7d910931a6f2006","name":"Paulina Wawrzyczek","image":{"@type":"ImageObject","inLanguage":"pl-PL","@id":"https:\/\/www.kurjerzy.pl\/blog\/#\/schema\/person\/image\/","url":"https:\/\/www.kurjerzy.pl\/blog\/wp-content\/uploads\/2018\/07\/paulinaw-150x150.jpg","contentUrl":"https:\/\/www.kurjerzy.pl\/blog\/wp-content\/uploads\/2018\/07\/paulinaw-150x150.jpg","caption":"Paulina Wawrzyczek"},"description":"Pomagam sklepom internetowym zar\u00f3wno w dzia\u0142aniach marketingowych, jak i przy optymalizacji proces\u00f3w logistycznych. Nale\u017c\u0119 do tych os\u00f3b, kt\u00f3rym uda\u0142o si\u0119 przerobi\u0107 hobby i zainteresowania w prac\u0119. Prywatnie mam s\u0142abo\u015b\u0107 do czarnych sukienek, fuksjowych szminek, zbyt szybkiej jazdy samochodem i do ps\u00f3w.","url":"https:\/\/www.kurjerzy.pl\/blog\/author\/paulinawawrzyczek\/"}]}},"_links":{"self":[{"href":"https:\/\/www.kurjerzy.pl\/blog\/wp-json\/wp\/v2\/posts\/13909","targetHints":{"allow":["GET"]}}],"collection":[{"href":"https:\/\/www.kurjerzy.pl\/blog\/wp-json\/wp\/v2\/posts"}],"about":[{"href":"https:\/\/www.kurjerzy.pl\/blog\/wp-json\/wp\/v2\/types\/post"}],"author":[{"embeddable":true,"href":"https:\/\/www.kurjerzy.pl\/blog\/wp-json\/wp\/v2\/users\/21"}],"replies":[{"embeddable":true,"href":"https:\/\/www.kurjerzy.pl\/blog\/wp-json\/wp\/v2\/comments?post=13909"}],"version-history":[{"count":9,"href":"https:\/\/www.kurjerzy.pl\/blog\/wp-json\/wp\/v2\/posts\/13909\/revisions"}],"predecessor-version":[{"id":20131,"href":"https:\/\/www.kurjerzy.pl\/blog\/wp-json\/wp\/v2\/posts\/13909\/revisions\/20131"}],"wp:featuredmedia":[{"embeddable":true,"href":"https:\/\/www.kurjerzy.pl\/blog\/wp-json\/wp\/v2\/media\/13942"}],"wp:attachment":[{"href":"https:\/\/www.kurjerzy.pl\/blog\/wp-json\/wp\/v2\/media?parent=13909"}],"wp:term":[{"taxonomy":"category","embeddable":true,"href":"https:\/\/www.kurjerzy.pl\/blog\/wp-json\/wp\/v2\/categories?post=13909"},{"taxonomy":"post_tag","embeddable":true,"href":"https:\/\/www.kurjerzy.pl\/blog\/wp-json\/wp\/v2\/tags?post=13909"}],"curies":[{"name":"wp","href":"https:\/\/api.w.org\/{rel}","templated":true}]}}