{"id":10612,"date":"2018-07-02T09:22:38","date_gmt":"2018-07-02T07:22:38","guid":{"rendered":"https:\/\/www.kurjerzy.pl\/blog\/?p=10612"},"modified":"2019-12-20T10:53:42","modified_gmt":"2019-12-20T09:53:42","slug":"allegro-nie-ma-zludzen-czas-na-samodzielny-odbior-paczek","status":"publish","type":"post","link":"https:\/\/www.kurjerzy.pl\/blog\/logistyka-w-eccommerce\/allegro-nie-ma-zludzen-czas-na-samodzielny-odbior-paczek\/","title":{"rendered":"Allegro nie ma z\u0142udze\u0144. Czas na samodzielny odbi\u00f3r paczek"},"content":{"rendered":"<p class=\"introduction\">Samodzielno\u015b\u0107 w odbiorze przesy\u0142ek &#8211; trend, kt\u00f3ry od kilku lat jest coraz bardziej zauwa\u017calny w sferze e-commerce, teraz potwierdzi\u0142 kluczowy gracz rynkowy. Allegro przyznaje, \u017ce dzi\u015b klient oczekuje mo\u017cliwo\u015bci zam\u00f3wienia przesy\u0142ki do wyznaczonego punktu odbioru.<\/p>\n<p>St\u0105d decyzja Allegro o podj\u0119ciu wsp\u00f3\u0142pracy z sieciami, kt\u00f3re dysponuj\u0105 w sumie kilkoma tysi\u0105cami potencjalnych miejsc odbioru. Rynek nie ogranicza si\u0119 bowiem do dominuj\u0105cych Paczkomat\u00f3w. Zestawienie potencjalnych miejsc odbioru przesy\u0142ek, jakim klienta chce kusi\u0107 Allegro musi robi\u0107 wra\u017cenie. To nie tylko sie\u0107 znana ju\u017c jako UPS Acces Point &#8211; np. lokalne sklepy &#8211; czy te\u017c kioski w sieci RUCH-u. Du\u017ce zmiany na rynku oznacza\u0107 b\u0119dzie mo\u017cliwo\u015b\u0107 odbioru przesy\u0142ek z Allegro w sklepach \u017babki i Freshmarket oraz stacjach paliw Orlen. Tylko dwie pierwsze marki to w sumie a\u017c 4,7 tys. sklep\u00f3w. Z kolei PKN Orlen, kontroluj\u0105c ok. 30 proc. rynku paliw w Polsce, dysponuje 1,7 tys. stacjami. W sumie, dla Allegro oznacza to mo\u017cliwo\u015b\u0107 odbioru przesy\u0142ek w stopniu, jakiego dotychczas klienci tego serwisu nie mieli. Rozszerzaj\u0105c sie\u0107 Paczkomat\u00f3w o nowe punkty odbioru przesy\u0142ek, Allegro &#8211; zapewniaj\u0105c przy tym atrakcyjny cennik dostaw &#8211; oddaje swoim klientom ogromne pole wyboru. Do ko\u0144ca roku, wed\u0142ug za\u0142o\u017ce\u0144 firmy, sie\u0107 punkt\u00f3w odbioru zbli\u017cy si\u0119 do 20 tys. miejsc.<\/p>\n<h2>Dlaczego klienci ceni\u0105 odbi\u00f3r w\u0142asny?<\/h2>\n<p>Kurier ustalaj\u0105cy termin odbioru przesy\u0142ki lub dzwoni\u0105cy do klienta w celu ustalenia godziny jego pobytu to ju\u017c prze\u017cytek; dzi\u015b odbiorca przesy\u0142ki ceni sobie elastyczno\u015b\u0107. I w\u0142a\u015bnie na ten kierunek zmian uwag\u0119 zwr\u00f3ci\u0142o Allegro. Wed\u0142ug analiz serwisu klienci szczeg\u00f3lnie doceniaj\u0105:<\/p>\n<ul>\n<li>szerok\u0105, coraz wi\u0119ksz\u0105 dost\u0119pno\u015b\u0107 punkt\u00f3w odbioru<\/li>\n<li>wygod\u0119 odbioru i brak presji czasowej<\/li>\n<li>ceny &#8211; obni\u017cone w stosunku do us\u0142ug kurierskich<\/li>\n<\/ul>\n<p>Szczeg\u00f3lne znaczenie ma ostatnia kwestia. Wed\u0142ug szacunkowych danych, odbi\u00f3r w\u0142asny w wyznaczonym punkcie mo\u017ce by\u0107 nawet do 40 proc. ta\u0144szy ni\u017c us\u0142uga w formacie &#8222;od drzwi do drzwi&#8221;. Przy rosn\u0105cym zaufaniu do transakcji e-commerce i braku obaw co do utraty przesy\u0142ki, liczba dostaw do punkt\u00f3w odbioru wzros\u0142a o prawie 80 proc. W ten spos\u00f3b Polska wpisuje si\u0119 w og\u00f3lne trendy europejskie. Tendencja do samodzielnego odbioru przesy\u0142ek zamawianych przez internet zauwa\u017calna jest na ca\u0142ym kontynencie.<\/p>\n<h2>Rozwi\u0105zanie dost\u0119pne dla wszystkich<\/h2>\n<p>Co szczeg\u00f3lnie wa\u017cne, Allegro &#8211; dysponuj\u0105c wyj\u0105tkowym narz\u0119dziem w postaci sieci &#8211; zaoferuje jednolite warunki wszystkim przedsi\u0119biorcom funkcjonuj\u0105cym w serwisie. Wystarczy podpisa\u0107 umow\u0119 z przewo\u017anikiem na podstawie warunk\u00f3w ustalonych przez polskiego giganta. Allegro planuje kolejne kroki zwi\u0105zane z dostosowaniem us\u0142ug logistycznych do oczekiwa\u0144 klient\u00f3w. Nast\u0119pne zmiany obejmowa\u0107 b\u0119d\u0105 m.in. opcje dostarczenia niewielkich przesy\u0142ek, a tak\u017ce warianty ekspresowych realizacji. Wdro\u017cenie kolejnych opcji to kwestia kilku miesi\u0119cy &#8211; do ko\u0144ca roku zakupy przez Allegro oznacza\u0107 maj\u0105 jeszcze szybsz\u0105 dostaw\u0119 paczki do miejsca preferowanego przez odbiorc\u0119. I coraz cz\u0119\u015bciej nie jest nim dom, ale konkretny punkt w pobli\u017cu<\/p>\n\n      <br>\n      <div style=\"max-width:790px;height:920px;border: 1px solid #ECECEC;\">\n      <iframe style=\"width:100%;height:100%;border:0;\" src=\"https:\/\/kurjerzy.pl\/widget?type=1&sender_country=PL&recipient_country=PL\"><\/iframe>\n      <\/div>\n      ","protected":false},"excerpt":{"rendered":"<p>Samodzielno\u015b\u0107 w odbiorze przesy\u0142ek &#8211; trend, kt\u00f3ry od kilku lat jest coraz bardziej zauwa\u017calny w sferze e-commerce, teraz potwierdzi\u0142 kluczowy gracz rynkowy. Allegro przyznaje, \u017ce dzi\u015b klient oczekuje mo\u017cliwo\u015bci zam\u00f3wienia przesy\u0142ki do wyznaczonego punktu odbioru. St\u0105d decyzja Allegro o podj\u0119ciu wsp\u00f3\u0142pracy z sieciami, kt\u00f3re dysponuj\u0105 w sumie kilkoma tysi\u0105cami potencjalnych miejsc odbioru. Rynek nie ogranicza &#8230;<\/p>\n","protected":false},"author":12,"featured_media":10621,"comment_status":"open","ping_status":"closed","sticky":false,"template":"","format":"standard","meta":{"footnotes":""},"categories":[2527],"tags":[568,483,1584,1086],"class_list":["post-10612","post","type-post","status-publish","format-standard","has-post-thumbnail","hentry","category-logistyka-w-eccommerce","tag-allegro","tag-dostawa","tag-dostawa-przesylek","tag-przesylki"],"yoast_head":"<!-- This site is optimized with the Yoast SEO plugin v26.7 - https:\/\/yoast.com\/wordpress\/plugins\/seo\/ -->\n<title>KurJerzy.pl | Allegro nie ma z\u0142udze\u0144. Czas na samodzielny odbi\u00f3r paczek<\/title>\n<meta name=\"description\" content=\"Allegro nie ma z\u0142udze\u0144. Czas na samodzielny odbi\u00f3r paczekSamodzielno\u015b\u0107 w odbiorze przesy\u0142ek - trend, kt\u00f3ry od kilku lat jest coraz bardziej zauwa\u017calny...\" \/>\n<meta name=\"robots\" content=\"index, follow, max-snippet:-1, max-image-preview:large, max-video-preview:-1\" \/>\n<link rel=\"canonical\" href=\"https:\/\/www.kurjerzy.pl\/blog\/logistyka-w-eccommerce\/allegro-nie-ma-zludzen-czas-na-samodzielny-odbior-paczek\/\" \/>\n<meta property=\"og:locale\" content=\"pl_PL\" \/>\n<meta property=\"og:type\" content=\"article\" \/>\n<meta property=\"og:title\" content=\"KurJerzy.pl | Allegro nie ma z\u0142udze\u0144. Czas na samodzielny odbi\u00f3r paczek\" \/>\n<meta property=\"og:description\" content=\"Allegro nie ma z\u0142udze\u0144. Czas na samodzielny odbi\u00f3r paczekSamodzielno\u015b\u0107 w odbiorze przesy\u0142ek - trend, kt\u00f3ry od kilku lat jest coraz bardziej zauwa\u017calny...\" \/>\n<meta property=\"og:url\" content=\"https:\/\/www.kurjerzy.pl\/blog\/logistyka-w-eccommerce\/allegro-nie-ma-zludzen-czas-na-samodzielny-odbior-paczek\/\" \/>\n<meta property=\"og:site_name\" content=\"KurJerzy.pl | Blog KurJerzy.pl\" \/>\n<meta property=\"article:publisher\" content=\"https:\/\/www.facebook.com\/KurJerzy\" \/>\n<meta property=\"article:published_time\" content=\"2018-07-02T07:22:38+00:00\" \/>\n<meta property=\"article:modified_time\" content=\"2019-12-20T09:53:42+00:00\" \/>\n<meta property=\"og:image\" content=\"https:\/\/www.kurjerzy.pl\/blog\/wp-content\/uploads\/2018\/06\/blog_409.jpg\" \/>\n\t<meta property=\"og:image:width\" content=\"1024\" \/>\n\t<meta property=\"og:image:height\" content=\"689\" \/>\n\t<meta property=\"og:image:type\" content=\"image\/jpeg\" \/>\n<meta name=\"author\" content=\"Pawe\u0142 Rzeski\" \/>\n<meta name=\"twitter:card\" content=\"summary_large_image\" \/>\n<meta name=\"twitter:label1\" content=\"Napisane przez\" \/>\n\t<meta name=\"twitter:data1\" content=\"Pawe\u0142 Rzeski\" \/>\n\t<meta name=\"twitter:label2\" content=\"Szacowany czas czytania\" \/>\n\t<meta name=\"twitter:data2\" content=\"3 minuty\" \/>\n<script type=\"application\/ld+json\" class=\"yoast-schema-graph\">{\"@context\":\"https:\/\/schema.org\",\"@graph\":[{\"@type\":\"Article\",\"@id\":\"https:\/\/www.kurjerzy.pl\/blog\/logistyka-w-eccommerce\/allegro-nie-ma-zludzen-czas-na-samodzielny-odbior-paczek\/#article\",\"isPartOf\":{\"@id\":\"https:\/\/www.kurjerzy.pl\/blog\/logistyka-w-eccommerce\/allegro-nie-ma-zludzen-czas-na-samodzielny-odbior-paczek\/\"},\"author\":{\"name\":\"Pawe\u0142 Rzeski\",\"@id\":\"https:\/\/www.kurjerzy.pl\/blog\/#\/schema\/person\/3b3ec71b8f714565eb6b704685099357\"},\"headline\":\"Allegro nie ma z\u0142udze\u0144. Czas na samodzielny odbi\u00f3r paczek\",\"datePublished\":\"2018-07-02T07:22:38+00:00\",\"dateModified\":\"2019-12-20T09:53:42+00:00\",\"mainEntityOfPage\":{\"@id\":\"https:\/\/www.kurjerzy.pl\/blog\/logistyka-w-eccommerce\/allegro-nie-ma-zludzen-czas-na-samodzielny-odbior-paczek\/\"},\"wordCount\":531,\"commentCount\":0,\"image\":{\"@id\":\"https:\/\/www.kurjerzy.pl\/blog\/logistyka-w-eccommerce\/allegro-nie-ma-zludzen-czas-na-samodzielny-odbior-paczek\/#primaryimage\"},\"thumbnailUrl\":\"https:\/\/www.kurjerzy.pl\/blog\/wp-content\/uploads\/2018\/06\/blog_409.jpg\",\"keywords\":[\"allegro\",\"dostawa\",\"dostawa przesy\u0142ek\",\"przesy\u0142ki\"],\"articleSection\":[\"Logistyka w e-commerce\"],\"inLanguage\":\"pl-PL\",\"potentialAction\":[{\"@type\":\"CommentAction\",\"name\":\"Comment\",\"target\":[\"https:\/\/www.kurjerzy.pl\/blog\/logistyka-w-eccommerce\/allegro-nie-ma-zludzen-czas-na-samodzielny-odbior-paczek\/#respond\"]}]},{\"@type\":\"WebPage\",\"@id\":\"https:\/\/www.kurjerzy.pl\/blog\/logistyka-w-eccommerce\/allegro-nie-ma-zludzen-czas-na-samodzielny-odbior-paczek\/\",\"url\":\"https:\/\/www.kurjerzy.pl\/blog\/logistyka-w-eccommerce\/allegro-nie-ma-zludzen-czas-na-samodzielny-odbior-paczek\/\",\"name\":\"KurJerzy.pl | Allegro nie ma z\u0142udze\u0144. Czas na samodzielny odbi\u00f3r paczek\",\"isPartOf\":{\"@id\":\"https:\/\/www.kurjerzy.pl\/blog\/#website\"},\"primaryImageOfPage\":{\"@id\":\"https:\/\/www.kurjerzy.pl\/blog\/logistyka-w-eccommerce\/allegro-nie-ma-zludzen-czas-na-samodzielny-odbior-paczek\/#primaryimage\"},\"image\":{\"@id\":\"https:\/\/www.kurjerzy.pl\/blog\/logistyka-w-eccommerce\/allegro-nie-ma-zludzen-czas-na-samodzielny-odbior-paczek\/#primaryimage\"},\"thumbnailUrl\":\"https:\/\/www.kurjerzy.pl\/blog\/wp-content\/uploads\/2018\/06\/blog_409.jpg\",\"datePublished\":\"2018-07-02T07:22:38+00:00\",\"dateModified\":\"2019-12-20T09:53:42+00:00\",\"author\":{\"@id\":\"https:\/\/www.kurjerzy.pl\/blog\/#\/schema\/person\/3b3ec71b8f714565eb6b704685099357\"},\"description\":\"Allegro nie ma z\u0142udze\u0144. Czas na samodzielny odbi\u00f3r paczekSamodzielno\u015b\u0107 w odbiorze przesy\u0142ek - trend, kt\u00f3ry od kilku lat jest coraz bardziej zauwa\u017calny...\",\"breadcrumb\":{\"@id\":\"https:\/\/www.kurjerzy.pl\/blog\/logistyka-w-eccommerce\/allegro-nie-ma-zludzen-czas-na-samodzielny-odbior-paczek\/#breadcrumb\"},\"inLanguage\":\"pl-PL\",\"potentialAction\":[{\"@type\":\"ReadAction\",\"target\":[\"https:\/\/www.kurjerzy.pl\/blog\/logistyka-w-eccommerce\/allegro-nie-ma-zludzen-czas-na-samodzielny-odbior-paczek\/\"]}]},{\"@type\":\"ImageObject\",\"inLanguage\":\"pl-PL\",\"@id\":\"https:\/\/www.kurjerzy.pl\/blog\/logistyka-w-eccommerce\/allegro-nie-ma-zludzen-czas-na-samodzielny-odbior-paczek\/#primaryimage\",\"url\":\"https:\/\/www.kurjerzy.pl\/blog\/wp-content\/uploads\/2018\/06\/blog_409.jpg\",\"contentUrl\":\"https:\/\/www.kurjerzy.pl\/blog\/wp-content\/uploads\/2018\/06\/blog_409.jpg\",\"width\":1024,\"height\":689,\"caption\":\"Allegro\"},{\"@type\":\"BreadcrumbList\",\"@id\":\"https:\/\/www.kurjerzy.pl\/blog\/logistyka-w-eccommerce\/allegro-nie-ma-zludzen-czas-na-samodzielny-odbior-paczek\/#breadcrumb\",\"itemListElement\":[{\"@type\":\"ListItem\",\"position\":1,\"name\":\"Strona g\u0142\u00f3wna\",\"item\":\"https:\/\/www.kurjerzy.pl\/blog\/\"},{\"@type\":\"ListItem\",\"position\":2,\"name\":\"Allegro nie ma z\u0142udze\u0144. Czas na samodzielny odbi\u00f3r paczek\"}]},{\"@type\":\"WebSite\",\"@id\":\"https:\/\/www.kurjerzy.pl\/blog\/#website\",\"url\":\"https:\/\/www.kurjerzy.pl\/blog\/\",\"name\":\"KurJerzy.pl | Blog KurJerzy.pl\",\"description\":\"Blog - Przesy\u0142ki i firmy kurierskie\",\"potentialAction\":[{\"@type\":\"SearchAction\",\"target\":{\"@type\":\"EntryPoint\",\"urlTemplate\":\"https:\/\/www.kurjerzy.pl\/blog\/?s={search_term_string}\"},\"query-input\":{\"@type\":\"PropertyValueSpecification\",\"valueRequired\":true,\"valueName\":\"search_term_string\"}}],\"inLanguage\":\"pl-PL\"},{\"@type\":\"Person\",\"@id\":\"https:\/\/www.kurjerzy.pl\/blog\/#\/schema\/person\/3b3ec71b8f714565eb6b704685099357\",\"name\":\"Pawe\u0142 Rzeski\",\"image\":{\"@type\":\"ImageObject\",\"inLanguage\":\"pl-PL\",\"@id\":\"https:\/\/www.kurjerzy.pl\/blog\/#\/schema\/person\/image\/\",\"url\":\"https:\/\/www.kurjerzy.pl\/blog\/wp-content\/uploads\/2022\/04\/pawrze-150x150.jpg\",\"contentUrl\":\"https:\/\/www.kurjerzy.pl\/blog\/wp-content\/uploads\/2022\/04\/pawrze-150x150.jpg\",\"caption\":\"Pawe\u0142 Rzeski\"},\"description\":\"Dziennikarz-freelancer; od lat zwi\u0105zany z sektorem logistycznym. Mi\u0142o\u015bnik kolei oraz wszelkich form dostaw opartych na tej formie \u0142a\u0144cucha dostaw.\",\"url\":\"https:\/\/www.kurjerzy.pl\/blog\/author\/pawelrzekanowski\/\"}]}<\/script>\n<!-- \/ Yoast SEO plugin. -->","yoast_head_json":{"title":"KurJerzy.pl | Allegro nie ma z\u0142udze\u0144. Czas na samodzielny odbi\u00f3r paczek","description":"Allegro nie ma z\u0142udze\u0144. Czas na samodzielny odbi\u00f3r paczekSamodzielno\u015b\u0107 w odbiorze przesy\u0142ek - trend, kt\u00f3ry od kilku lat jest coraz bardziej zauwa\u017calny...","robots":{"index":"index","follow":"follow","max-snippet":"max-snippet:-1","max-image-preview":"max-image-preview:large","max-video-preview":"max-video-preview:-1"},"canonical":"https:\/\/www.kurjerzy.pl\/blog\/logistyka-w-eccommerce\/allegro-nie-ma-zludzen-czas-na-samodzielny-odbior-paczek\/","og_locale":"pl_PL","og_type":"article","og_title":"KurJerzy.pl | Allegro nie ma z\u0142udze\u0144. Czas na samodzielny odbi\u00f3r paczek","og_description":"Allegro nie ma z\u0142udze\u0144. Czas na samodzielny odbi\u00f3r paczekSamodzielno\u015b\u0107 w odbiorze przesy\u0142ek - trend, kt\u00f3ry od kilku lat jest coraz bardziej zauwa\u017calny...","og_url":"https:\/\/www.kurjerzy.pl\/blog\/logistyka-w-eccommerce\/allegro-nie-ma-zludzen-czas-na-samodzielny-odbior-paczek\/","og_site_name":"KurJerzy.pl | Blog KurJerzy.pl","article_publisher":"https:\/\/www.facebook.com\/KurJerzy","article_published_time":"2018-07-02T07:22:38+00:00","article_modified_time":"2019-12-20T09:53:42+00:00","og_image":[{"width":1024,"height":689,"url":"https:\/\/www.kurjerzy.pl\/blog\/wp-content\/uploads\/2018\/06\/blog_409.jpg","type":"image\/jpeg"}],"author":"Pawe\u0142 Rzeski","twitter_card":"summary_large_image","twitter_misc":{"Napisane przez":"Pawe\u0142 Rzeski","Szacowany czas czytania":"3 minuty"},"schema":{"@context":"https:\/\/schema.org","@graph":[{"@type":"Article","@id":"https:\/\/www.kurjerzy.pl\/blog\/logistyka-w-eccommerce\/allegro-nie-ma-zludzen-czas-na-samodzielny-odbior-paczek\/#article","isPartOf":{"@id":"https:\/\/www.kurjerzy.pl\/blog\/logistyka-w-eccommerce\/allegro-nie-ma-zludzen-czas-na-samodzielny-odbior-paczek\/"},"author":{"name":"Pawe\u0142 Rzeski","@id":"https:\/\/www.kurjerzy.pl\/blog\/#\/schema\/person\/3b3ec71b8f714565eb6b704685099357"},"headline":"Allegro nie ma z\u0142udze\u0144. Czas na samodzielny odbi\u00f3r paczek","datePublished":"2018-07-02T07:22:38+00:00","dateModified":"2019-12-20T09:53:42+00:00","mainEntityOfPage":{"@id":"https:\/\/www.kurjerzy.pl\/blog\/logistyka-w-eccommerce\/allegro-nie-ma-zludzen-czas-na-samodzielny-odbior-paczek\/"},"wordCount":531,"commentCount":0,"image":{"@id":"https:\/\/www.kurjerzy.pl\/blog\/logistyka-w-eccommerce\/allegro-nie-ma-zludzen-czas-na-samodzielny-odbior-paczek\/#primaryimage"},"thumbnailUrl":"https:\/\/www.kurjerzy.pl\/blog\/wp-content\/uploads\/2018\/06\/blog_409.jpg","keywords":["allegro","dostawa","dostawa przesy\u0142ek","przesy\u0142ki"],"articleSection":["Logistyka w e-commerce"],"inLanguage":"pl-PL","potentialAction":[{"@type":"CommentAction","name":"Comment","target":["https:\/\/www.kurjerzy.pl\/blog\/logistyka-w-eccommerce\/allegro-nie-ma-zludzen-czas-na-samodzielny-odbior-paczek\/#respond"]}]},{"@type":"WebPage","@id":"https:\/\/www.kurjerzy.pl\/blog\/logistyka-w-eccommerce\/allegro-nie-ma-zludzen-czas-na-samodzielny-odbior-paczek\/","url":"https:\/\/www.kurjerzy.pl\/blog\/logistyka-w-eccommerce\/allegro-nie-ma-zludzen-czas-na-samodzielny-odbior-paczek\/","name":"KurJerzy.pl | Allegro nie ma z\u0142udze\u0144. Czas na samodzielny odbi\u00f3r paczek","isPartOf":{"@id":"https:\/\/www.kurjerzy.pl\/blog\/#website"},"primaryImageOfPage":{"@id":"https:\/\/www.kurjerzy.pl\/blog\/logistyka-w-eccommerce\/allegro-nie-ma-zludzen-czas-na-samodzielny-odbior-paczek\/#primaryimage"},"image":{"@id":"https:\/\/www.kurjerzy.pl\/blog\/logistyka-w-eccommerce\/allegro-nie-ma-zludzen-czas-na-samodzielny-odbior-paczek\/#primaryimage"},"thumbnailUrl":"https:\/\/www.kurjerzy.pl\/blog\/wp-content\/uploads\/2018\/06\/blog_409.jpg","datePublished":"2018-07-02T07:22:38+00:00","dateModified":"2019-12-20T09:53:42+00:00","author":{"@id":"https:\/\/www.kurjerzy.pl\/blog\/#\/schema\/person\/3b3ec71b8f714565eb6b704685099357"},"description":"Allegro nie ma z\u0142udze\u0144. Czas na samodzielny odbi\u00f3r paczekSamodzielno\u015b\u0107 w odbiorze przesy\u0142ek - trend, kt\u00f3ry od kilku lat jest coraz bardziej zauwa\u017calny...","breadcrumb":{"@id":"https:\/\/www.kurjerzy.pl\/blog\/logistyka-w-eccommerce\/allegro-nie-ma-zludzen-czas-na-samodzielny-odbior-paczek\/#breadcrumb"},"inLanguage":"pl-PL","potentialAction":[{"@type":"ReadAction","target":["https:\/\/www.kurjerzy.pl\/blog\/logistyka-w-eccommerce\/allegro-nie-ma-zludzen-czas-na-samodzielny-odbior-paczek\/"]}]},{"@type":"ImageObject","inLanguage":"pl-PL","@id":"https:\/\/www.kurjerzy.pl\/blog\/logistyka-w-eccommerce\/allegro-nie-ma-zludzen-czas-na-samodzielny-odbior-paczek\/#primaryimage","url":"https:\/\/www.kurjerzy.pl\/blog\/wp-content\/uploads\/2018\/06\/blog_409.jpg","contentUrl":"https:\/\/www.kurjerzy.pl\/blog\/wp-content\/uploads\/2018\/06\/blog_409.jpg","width":1024,"height":689,"caption":"Allegro"},{"@type":"BreadcrumbList","@id":"https:\/\/www.kurjerzy.pl\/blog\/logistyka-w-eccommerce\/allegro-nie-ma-zludzen-czas-na-samodzielny-odbior-paczek\/#breadcrumb","itemListElement":[{"@type":"ListItem","position":1,"name":"Strona g\u0142\u00f3wna","item":"https:\/\/www.kurjerzy.pl\/blog\/"},{"@type":"ListItem","position":2,"name":"Allegro nie ma z\u0142udze\u0144. Czas na samodzielny odbi\u00f3r paczek"}]},{"@type":"WebSite","@id":"https:\/\/www.kurjerzy.pl\/blog\/#website","url":"https:\/\/www.kurjerzy.pl\/blog\/","name":"KurJerzy.pl | Blog KurJerzy.pl","description":"Blog - Przesy\u0142ki i firmy kurierskie","potentialAction":[{"@type":"SearchAction","target":{"@type":"EntryPoint","urlTemplate":"https:\/\/www.kurjerzy.pl\/blog\/?s={search_term_string}"},"query-input":{"@type":"PropertyValueSpecification","valueRequired":true,"valueName":"search_term_string"}}],"inLanguage":"pl-PL"},{"@type":"Person","@id":"https:\/\/www.kurjerzy.pl\/blog\/#\/schema\/person\/3b3ec71b8f714565eb6b704685099357","name":"Pawe\u0142 Rzeski","image":{"@type":"ImageObject","inLanguage":"pl-PL","@id":"https:\/\/www.kurjerzy.pl\/blog\/#\/schema\/person\/image\/","url":"https:\/\/www.kurjerzy.pl\/blog\/wp-content\/uploads\/2022\/04\/pawrze-150x150.jpg","contentUrl":"https:\/\/www.kurjerzy.pl\/blog\/wp-content\/uploads\/2022\/04\/pawrze-150x150.jpg","caption":"Pawe\u0142 Rzeski"},"description":"Dziennikarz-freelancer; od lat zwi\u0105zany z sektorem logistycznym. Mi\u0142o\u015bnik kolei oraz wszelkich form dostaw opartych na tej formie \u0142a\u0144cucha dostaw.","url":"https:\/\/www.kurjerzy.pl\/blog\/author\/pawelrzekanowski\/"}]}},"_links":{"self":[{"href":"https:\/\/www.kurjerzy.pl\/blog\/wp-json\/wp\/v2\/posts\/10612","targetHints":{"allow":["GET"]}}],"collection":[{"href":"https:\/\/www.kurjerzy.pl\/blog\/wp-json\/wp\/v2\/posts"}],"about":[{"href":"https:\/\/www.kurjerzy.pl\/blog\/wp-json\/wp\/v2\/types\/post"}],"author":[{"embeddable":true,"href":"https:\/\/www.kurjerzy.pl\/blog\/wp-json\/wp\/v2\/users\/12"}],"replies":[{"embeddable":true,"href":"https:\/\/www.kurjerzy.pl\/blog\/wp-json\/wp\/v2\/comments?post=10612"}],"version-history":[{"count":5,"href":"https:\/\/www.kurjerzy.pl\/blog\/wp-json\/wp\/v2\/posts\/10612\/revisions"}],"predecessor-version":[{"id":20494,"href":"https:\/\/www.kurjerzy.pl\/blog\/wp-json\/wp\/v2\/posts\/10612\/revisions\/20494"}],"wp:featuredmedia":[{"embeddable":true,"href":"https:\/\/www.kurjerzy.pl\/blog\/wp-json\/wp\/v2\/media\/10621"}],"wp:attachment":[{"href":"https:\/\/www.kurjerzy.pl\/blog\/wp-json\/wp\/v2\/media?parent=10612"}],"wp:term":[{"taxonomy":"category","embeddable":true,"href":"https:\/\/www.kurjerzy.pl\/blog\/wp-json\/wp\/v2\/categories?post=10612"},{"taxonomy":"post_tag","embeddable":true,"href":"https:\/\/www.kurjerzy.pl\/blog\/wp-json\/wp\/v2\/tags?post=10612"}],"curies":[{"name":"wp","href":"https:\/\/api.w.org\/{rel}","templated":true}]}}