{"id":10476,"date":"2018-06-22T10:34:45","date_gmt":"2018-06-22T08:34:45","guid":{"rendered":"https:\/\/www.kurjerzy.pl\/blog\/?p=10476"},"modified":"2019-12-20T10:59:31","modified_gmt":"2019-12-20T09:59:31","slug":"niedziela-niehandlowa-a-przesylki-kurierskie","status":"publish","type":"post","link":"https:\/\/www.kurjerzy.pl\/blog\/logistyka-w-eccommerce\/niedziela-niehandlowa-a-przesylki-kurierskie\/","title":{"rendered":"Niedziela niehandlowa, a przesy\u0142ki kurierskie"},"content":{"rendered":"<p class=\"introduction\">Niedziele niehandlowe to temat, kt\u00f3ry w ostatnich miesi\u0105cach pojawia si\u0119 bardzo cz\u0119sto w dyskusjach zar\u00f3wno na spotkaniach biznesowych, ale tak\u017ce w rodzinnych rozmowach na tematy polityczne.<\/p>\n<p>Cho\u0107 z za\u0142o\u017cenia niedziele niehandlowe maj\u0105 zwi\u0119kszy\u0107 komfort pracy os\u00f3b pracuj\u0105cych w handlu to jednak praktyka pokaza\u0142a, \u017ce trudno zmniejszy\u0107 obci\u0105\u017cenie dla jednej grupy spo\u0142ecznej bez przeniesienia tego ci\u0119\u017caru na innych. Cho\u0107 pracownicy du\u017cych sieci handlowych w istocie maj\u0105 dodatkowe dni wolne w miesi\u0105cu, dzi\u0119ki wprowadzonej ustawie ograniczaj\u0105cej handel to jednak ca\u0142y szereg os\u00f3b \u2013 pracownicy stacji benzynowych, mniejszych sieci handlowych (funkcjonuj\u0105cych teraz na przyk\u0142ad, jako plac\u00f3wki pocztowe), czy po prostu pracownicy ma\u0142ych prywatnych sklep\u00f3w z pewno\u015bci\u0105 pracy maj\u0105 wi\u0119cej. Jak pokazuje praktyka znacznie wi\u0119cej pracy maj\u0105 po wprowadzeniu niedziel niehandlowych tak\u017ce kurierzy. Z czego to wynika?<\/p>\n<h2>Dlaczego niedziele niehandlowe wp\u0142ywaj\u0105 na ruch przesy\u0142ek<\/h2>\n<p>Wa\u017cnym czynnikiem powoduj\u0105cym, \u017ce niedziele niehandlowe zwi\u0119kszaj\u0105 ruch przesy\u0142ek kurierskich jest to, \u017ce Polacy, \u2013 jako nar\u00f3d zapracowany \u2013 zakup\u00f3w dokonuj\u0105 g\u0142\u00f3wnie w czasie wolnym \u2013 na przyk\u0142ad w weekendy. Tego przyzwyczajenia nie zmieni\u0105 \u0142atwo zamkni\u0119te sklepy. Wielu Polak\u00f3w, kt\u00f3rzy chc\u0105 dokona\u0107 niedzielnych zakup\u00f3w przerzuci\u0142a si\u0119 po prostu do sieci gdzie kupuje online. Cho\u0107 niedziela by\u0142a zawsze jednym z wa\u017cniejszych dni handlowych pod wzgl\u0119dem obrot\u00f3w, nie trudno domy\u015bli\u0107 si\u0119, \u017ce zamkni\u0119cie sklep\u00f3w w dowolny z siedmiu dni tygodnia spowoduje po prostu przeniesienie cz\u0119\u015bci ruchu do sieci.<\/p>\n<p>Analiza zmian powsta\u0142ych w wyniku wprowadzenia niedziel niehandlowych w Polsce, pokazuje poza znacz\u0105cym wzrostem ilo\u015bci paczek, tak\u017ce inn\u0105 ciekaw\u0105 prawid\u0142owo\u015b\u0107. Znacz\u0105co (r\u00f3\u017cne \u017ar\u00f3d\u0142a podaj\u0105 oko\u0142o 20%) wzros\u0142y przeci\u0119tne gabaryty nadawanych paczek. Tutaj przyczyn\u0105 s\u0105 przede wszystkim realizowane przez klient\u00f3w w sieci wi\u0119ksze zakupy. Dotychczasowe zwyczaje sk\u0142ania\u0142y Polak\u00f3w do dokonywania zakup\u00f3w takich jak sprz\u0119t RVT czy AGD stacjonarnie w sklepie. Wynika\u0142o to z faktu, \u017ce dla przeci\u0119tnej rodziny sprz\u0119t taki to powa\u017cny wydatek i trudna decyzj\u0105, kt\u00f3r\u0105 ci\u0119\u017cko podj\u0105\u0107 bez obejrzenia sprz\u0119tu. Dodatkowo w spo\u0142ecze\u0144stwie ci\u0105gle istnie\u0107 mo\u017ce obawa dotycz\u0105ca ewentualnych uszkodze\u0144 tak powa\u017cnego sprz\u0119tu czy koszt\u00f3w transportu. Niedziele niehandlowe sprawi\u0142y jednak, \u017ce Polacy po prostu nie maj\u0105 wyboru. W przypadku, gdy nie maj\u0105 czasu na zakupy w ci\u0105gu tygodnia, nie mog\u0105 r\u00f3wnie\u017c uda\u0107 si\u0119 do sklepu w niedziele ze wzgl\u0119du na to, \u017ce jest zamkni\u0119ty \u2013 po prostu dokonuj\u0105 zakupu sprz\u0119tu i innych wi\u0119kszych artyku\u0142\u00f3w w sieci, mimo obaw, kt\u00f3re s\u0105 z tym zwi\u0105zane.<\/p>\n<h2>Wp\u0142yw niedziele niehandlowych na przesy\u0142ki &#8211; podsumowanie<\/h2>\n<p>Trzeba, wi\u0119c pogodzi\u0107 si\u0119 z tym, \u017ce zmniejszenie nak\u0142adu pracy dla pracownik\u00f3w galerii handlowych czy du\u017cych sieci handlowych spowoduje trwa\u0142y wzrost ilo\u015bci zakup\u00f3w dokonywanych online &#8211; tym samym zwi\u0119kszy ilo\u015b\u0107 pracy dla kurier\u00f3w. Cho\u0107 w poprzednich miesi\u0105cach (kwiecie\u0144, maj) zwi\u0119kszenie ilo\u015bci paczek mog\u0142o by\u0107 jeszcze bardziej widoczne (by\u0142o wiele niedziel niehandlowych \u2013 dodatkowe przez \u015bwi\u0119ta) to r\u00f3wnie\u017c w kolejnych miesi\u0105cach nale\u017cy spodziewa\u0107 si\u0119, \u017ce klienci sklep\u00f3w internetowych dostarcz\u0105 kurierom wiele pracy.<\/p>\n","protected":false},"excerpt":{"rendered":"<p>Niedziele niehandlowe to temat, kt\u00f3ry w ostatnich miesi\u0105cach pojawia si\u0119 bardzo cz\u0119sto w dyskusjach zar\u00f3wno na spotkaniach biznesowych, ale tak\u017ce w rodzinnych rozmowach na tematy polityczne. Cho\u0107 z za\u0142o\u017cenia niedziele niehandlowe maj\u0105 zwi\u0119kszy\u0107 komfort pracy os\u00f3b pracuj\u0105cych w handlu to jednak praktyka pokaza\u0142a, \u017ce trudno zmniejszy\u0107 obci\u0105\u017cenie dla jednej grupy spo\u0142ecznej bez przeniesienia tego ci\u0119\u017caru &#8230;<\/p>\n","protected":false},"author":3,"featured_media":10486,"comment_status":"open","ping_status":"open","sticky":false,"template":"","format":"standard","meta":{"footnotes":""},"categories":[2527],"tags":[1088,1073,1582,1068],"class_list":["post-10476","post","type-post","status-publish","format-standard","has-post-thumbnail","hentry","category-logistyka-w-eccommerce","tag-kurier","tag-kurierzy","tag-niedziela-niehandlowa","tag-przesylki-kurierskie"],"yoast_head":"<!-- This site is optimized with the Yoast SEO plugin v26.7 - https:\/\/yoast.com\/wordpress\/plugins\/seo\/ -->\n<title>Niedziela niehandlowa, a przesy\u0142ki kurierskie | KurJerzy.pl<\/title>\n<meta name=\"description\" content=\"Niedziela niehandlowa, a przesy\u0142ki kurierskie. Niedziele niehandlowe to temat, kt\u00f3ry w ostatnich miesi\u0105cach pojawia si\u0119 bardzo cz\u0119sto w dyskusjach zar\u00f3wno..\" \/>\n<meta name=\"robots\" content=\"index, follow, max-snippet:-1, max-image-preview:large, max-video-preview:-1\" \/>\n<link rel=\"canonical\" href=\"https:\/\/www.kurjerzy.pl\/blog\/logistyka-w-eccommerce\/niedziela-niehandlowa-a-przesylki-kurierskie\/\" \/>\n<meta property=\"og:locale\" content=\"pl_PL\" \/>\n<meta property=\"og:type\" content=\"article\" \/>\n<meta property=\"og:title\" content=\"Niedziela niehandlowa, a przesy\u0142ki kurierskie | KurJerzy.pl\" \/>\n<meta property=\"og:description\" content=\"Niedziela niehandlowa, a przesy\u0142ki kurierskie. Niedziele niehandlowe to temat, kt\u00f3ry w ostatnich miesi\u0105cach pojawia si\u0119 bardzo cz\u0119sto w dyskusjach zar\u00f3wno..\" \/>\n<meta property=\"og:url\" content=\"https:\/\/www.kurjerzy.pl\/blog\/logistyka-w-eccommerce\/niedziela-niehandlowa-a-przesylki-kurierskie\/\" \/>\n<meta property=\"og:site_name\" content=\"KurJerzy.pl | Blog KurJerzy.pl\" \/>\n<meta property=\"article:publisher\" content=\"https:\/\/www.facebook.com\/KurJerzy\" \/>\n<meta property=\"article:published_time\" content=\"2018-06-22T08:34:45+00:00\" \/>\n<meta property=\"article:modified_time\" content=\"2019-12-20T09:59:31+00:00\" \/>\n<meta property=\"og:image\" content=\"https:\/\/www.kurjerzy.pl\/blog\/wp-content\/uploads\/2018\/06\/blog_403.jpg\" \/>\n\t<meta property=\"og:image:width\" content=\"1024\" \/>\n\t<meta property=\"og:image:height\" content=\"681\" \/>\n\t<meta property=\"og:image:type\" content=\"image\/jpeg\" \/>\n<meta name=\"author\" content=\"Katarzyna Dworakowska\" \/>\n<meta name=\"twitter:card\" content=\"summary_large_image\" \/>\n<meta name=\"twitter:label1\" content=\"Napisane przez\" \/>\n\t<meta name=\"twitter:data1\" content=\"Katarzyna Dworakowska\" \/>\n\t<meta name=\"twitter:label2\" content=\"Szacowany czas czytania\" \/>\n\t<meta name=\"twitter:data2\" content=\"3 minuty\" \/>\n<script type=\"application\/ld+json\" class=\"yoast-schema-graph\">{\"@context\":\"https:\/\/schema.org\",\"@graph\":[{\"@type\":\"Article\",\"@id\":\"https:\/\/www.kurjerzy.pl\/blog\/logistyka-w-eccommerce\/niedziela-niehandlowa-a-przesylki-kurierskie\/#article\",\"isPartOf\":{\"@id\":\"https:\/\/www.kurjerzy.pl\/blog\/logistyka-w-eccommerce\/niedziela-niehandlowa-a-przesylki-kurierskie\/\"},\"author\":{\"name\":\"Katarzyna Dworakowska\",\"@id\":\"https:\/\/www.kurjerzy.pl\/blog\/#\/schema\/person\/160d97b3f9af9546a6b0ec664a44fb70\"},\"headline\":\"Niedziela niehandlowa, a przesy\u0142ki kurierskie\",\"datePublished\":\"2018-06-22T08:34:45+00:00\",\"dateModified\":\"2019-12-20T09:59:31+00:00\",\"mainEntityOfPage\":{\"@id\":\"https:\/\/www.kurjerzy.pl\/blog\/logistyka-w-eccommerce\/niedziela-niehandlowa-a-przesylki-kurierskie\/\"},\"wordCount\":564,\"commentCount\":0,\"image\":{\"@id\":\"https:\/\/www.kurjerzy.pl\/blog\/logistyka-w-eccommerce\/niedziela-niehandlowa-a-przesylki-kurierskie\/#primaryimage\"},\"thumbnailUrl\":\"https:\/\/www.kurjerzy.pl\/blog\/wp-content\/uploads\/2018\/06\/blog_403.jpg\",\"keywords\":[\"kurier\",\"kurierzy\",\"niedziela niehandlowa\",\"przesy\u0142ki kurierskie\"],\"articleSection\":[\"Logistyka w e-commerce\"],\"inLanguage\":\"pl-PL\",\"potentialAction\":[{\"@type\":\"CommentAction\",\"name\":\"Comment\",\"target\":[\"https:\/\/www.kurjerzy.pl\/blog\/logistyka-w-eccommerce\/niedziela-niehandlowa-a-przesylki-kurierskie\/#respond\"]}]},{\"@type\":\"WebPage\",\"@id\":\"https:\/\/www.kurjerzy.pl\/blog\/logistyka-w-eccommerce\/niedziela-niehandlowa-a-przesylki-kurierskie\/\",\"url\":\"https:\/\/www.kurjerzy.pl\/blog\/logistyka-w-eccommerce\/niedziela-niehandlowa-a-przesylki-kurierskie\/\",\"name\":\"Niedziela niehandlowa, a przesy\u0142ki kurierskie | KurJerzy.pl\",\"isPartOf\":{\"@id\":\"https:\/\/www.kurjerzy.pl\/blog\/#website\"},\"primaryImageOfPage\":{\"@id\":\"https:\/\/www.kurjerzy.pl\/blog\/logistyka-w-eccommerce\/niedziela-niehandlowa-a-przesylki-kurierskie\/#primaryimage\"},\"image\":{\"@id\":\"https:\/\/www.kurjerzy.pl\/blog\/logistyka-w-eccommerce\/niedziela-niehandlowa-a-przesylki-kurierskie\/#primaryimage\"},\"thumbnailUrl\":\"https:\/\/www.kurjerzy.pl\/blog\/wp-content\/uploads\/2018\/06\/blog_403.jpg\",\"datePublished\":\"2018-06-22T08:34:45+00:00\",\"dateModified\":\"2019-12-20T09:59:31+00:00\",\"author\":{\"@id\":\"https:\/\/www.kurjerzy.pl\/blog\/#\/schema\/person\/160d97b3f9af9546a6b0ec664a44fb70\"},\"description\":\"Niedziela niehandlowa, a przesy\u0142ki kurierskie. Niedziele niehandlowe to temat, kt\u00f3ry w ostatnich miesi\u0105cach pojawia si\u0119 bardzo cz\u0119sto w dyskusjach zar\u00f3wno..\",\"breadcrumb\":{\"@id\":\"https:\/\/www.kurjerzy.pl\/blog\/logistyka-w-eccommerce\/niedziela-niehandlowa-a-przesylki-kurierskie\/#breadcrumb\"},\"inLanguage\":\"pl-PL\",\"potentialAction\":[{\"@type\":\"ReadAction\",\"target\":[\"https:\/\/www.kurjerzy.pl\/blog\/logistyka-w-eccommerce\/niedziela-niehandlowa-a-przesylki-kurierskie\/\"]}]},{\"@type\":\"ImageObject\",\"inLanguage\":\"pl-PL\",\"@id\":\"https:\/\/www.kurjerzy.pl\/blog\/logistyka-w-eccommerce\/niedziela-niehandlowa-a-przesylki-kurierskie\/#primaryimage\",\"url\":\"https:\/\/www.kurjerzy.pl\/blog\/wp-content\/uploads\/2018\/06\/blog_403.jpg\",\"contentUrl\":\"https:\/\/www.kurjerzy.pl\/blog\/wp-content\/uploads\/2018\/06\/blog_403.jpg\",\"width\":1024,\"height\":681,\"caption\":\"niedziela niehandlowa\"},{\"@type\":\"BreadcrumbList\",\"@id\":\"https:\/\/www.kurjerzy.pl\/blog\/logistyka-w-eccommerce\/niedziela-niehandlowa-a-przesylki-kurierskie\/#breadcrumb\",\"itemListElement\":[{\"@type\":\"ListItem\",\"position\":1,\"name\":\"Strona g\u0142\u00f3wna\",\"item\":\"https:\/\/www.kurjerzy.pl\/blog\/\"},{\"@type\":\"ListItem\",\"position\":2,\"name\":\"Niedziela niehandlowa, a przesy\u0142ki kurierskie\"}]},{\"@type\":\"WebSite\",\"@id\":\"https:\/\/www.kurjerzy.pl\/blog\/#website\",\"url\":\"https:\/\/www.kurjerzy.pl\/blog\/\",\"name\":\"KurJerzy.pl | Blog KurJerzy.pl\",\"description\":\"Blog - Przesy\u0142ki i firmy kurierskie\",\"potentialAction\":[{\"@type\":\"SearchAction\",\"target\":{\"@type\":\"EntryPoint\",\"urlTemplate\":\"https:\/\/www.kurjerzy.pl\/blog\/?s={search_term_string}\"},\"query-input\":{\"@type\":\"PropertyValueSpecification\",\"valueRequired\":true,\"valueName\":\"search_term_string\"}}],\"inLanguage\":\"pl-PL\"},{\"@type\":\"Person\",\"@id\":\"https:\/\/www.kurjerzy.pl\/blog\/#\/schema\/person\/160d97b3f9af9546a6b0ec664a44fb70\",\"name\":\"Katarzyna Dworakowska\",\"image\":{\"@type\":\"ImageObject\",\"inLanguage\":\"pl-PL\",\"@id\":\"https:\/\/www.kurjerzy.pl\/blog\/#\/schema\/person\/image\/\",\"url\":\"https:\/\/www.kurjerzy.pl\/blog\/wp-content\/uploads\/2015\/09\/Katarzyna-150x150.jpg\",\"contentUrl\":\"https:\/\/www.kurjerzy.pl\/blog\/wp-content\/uploads\/2015\/09\/Katarzyna-150x150.jpg\",\"caption\":\"Katarzyna Dworakowska\"},\"description\":\"Od kilku lat pracuj\u0119 w bran\u017cy kurierskiej. Nie s\u0105 mi obce poj\u0119cia i problemy zwi\u0105zane z logistyk\u0105, transportem oraz spedycj\u0105, dlatego b\u0119d\u0119 stara\u0142a si\u0119 je przybli\u017cy\u0107 na tym blogu. Ca\u0142y czas odkrywam nowe tematy, kt\u00f3rymi b\u0119d\u0119 si\u0119 z Wami dzieli\u0142a, zapraszam wi\u0119c do poczytania ciekawostek z bran\u017cy. W wolnych chwilach lubi\u0119 podr\u00f3\u017cowa\u0107 po Polsce i \u015bwiecie, a podczas kr\u00f3tszych wycieczek zwiedza\u0107 okolic\u0119 na rowerze. Mi\u0142o\u015bnikom dw\u00f3ch k\u00f3\u0142ek polecam \u017bu\u0142awy, moje rodzinne tereny.\",\"url\":\"https:\/\/www.kurjerzy.pl\/blog\/author\/katarzynadworakowska\/\"}]}<\/script>\n<!-- \/ Yoast SEO plugin. -->","yoast_head_json":{"title":"Niedziela niehandlowa, a przesy\u0142ki kurierskie | KurJerzy.pl","description":"Niedziela niehandlowa, a przesy\u0142ki kurierskie. Niedziele niehandlowe to temat, kt\u00f3ry w ostatnich miesi\u0105cach pojawia si\u0119 bardzo cz\u0119sto w dyskusjach zar\u00f3wno..","robots":{"index":"index","follow":"follow","max-snippet":"max-snippet:-1","max-image-preview":"max-image-preview:large","max-video-preview":"max-video-preview:-1"},"canonical":"https:\/\/www.kurjerzy.pl\/blog\/logistyka-w-eccommerce\/niedziela-niehandlowa-a-przesylki-kurierskie\/","og_locale":"pl_PL","og_type":"article","og_title":"Niedziela niehandlowa, a przesy\u0142ki kurierskie | KurJerzy.pl","og_description":"Niedziela niehandlowa, a przesy\u0142ki kurierskie. Niedziele niehandlowe to temat, kt\u00f3ry w ostatnich miesi\u0105cach pojawia si\u0119 bardzo cz\u0119sto w dyskusjach zar\u00f3wno..","og_url":"https:\/\/www.kurjerzy.pl\/blog\/logistyka-w-eccommerce\/niedziela-niehandlowa-a-przesylki-kurierskie\/","og_site_name":"KurJerzy.pl | Blog KurJerzy.pl","article_publisher":"https:\/\/www.facebook.com\/KurJerzy","article_published_time":"2018-06-22T08:34:45+00:00","article_modified_time":"2019-12-20T09:59:31+00:00","og_image":[{"width":1024,"height":681,"url":"https:\/\/www.kurjerzy.pl\/blog\/wp-content\/uploads\/2018\/06\/blog_403.jpg","type":"image\/jpeg"}],"author":"Katarzyna Dworakowska","twitter_card":"summary_large_image","twitter_misc":{"Napisane przez":"Katarzyna Dworakowska","Szacowany czas czytania":"3 minuty"},"schema":{"@context":"https:\/\/schema.org","@graph":[{"@type":"Article","@id":"https:\/\/www.kurjerzy.pl\/blog\/logistyka-w-eccommerce\/niedziela-niehandlowa-a-przesylki-kurierskie\/#article","isPartOf":{"@id":"https:\/\/www.kurjerzy.pl\/blog\/logistyka-w-eccommerce\/niedziela-niehandlowa-a-przesylki-kurierskie\/"},"author":{"name":"Katarzyna Dworakowska","@id":"https:\/\/www.kurjerzy.pl\/blog\/#\/schema\/person\/160d97b3f9af9546a6b0ec664a44fb70"},"headline":"Niedziela niehandlowa, a przesy\u0142ki kurierskie","datePublished":"2018-06-22T08:34:45+00:00","dateModified":"2019-12-20T09:59:31+00:00","mainEntityOfPage":{"@id":"https:\/\/www.kurjerzy.pl\/blog\/logistyka-w-eccommerce\/niedziela-niehandlowa-a-przesylki-kurierskie\/"},"wordCount":564,"commentCount":0,"image":{"@id":"https:\/\/www.kurjerzy.pl\/blog\/logistyka-w-eccommerce\/niedziela-niehandlowa-a-przesylki-kurierskie\/#primaryimage"},"thumbnailUrl":"https:\/\/www.kurjerzy.pl\/blog\/wp-content\/uploads\/2018\/06\/blog_403.jpg","keywords":["kurier","kurierzy","niedziela niehandlowa","przesy\u0142ki kurierskie"],"articleSection":["Logistyka w e-commerce"],"inLanguage":"pl-PL","potentialAction":[{"@type":"CommentAction","name":"Comment","target":["https:\/\/www.kurjerzy.pl\/blog\/logistyka-w-eccommerce\/niedziela-niehandlowa-a-przesylki-kurierskie\/#respond"]}]},{"@type":"WebPage","@id":"https:\/\/www.kurjerzy.pl\/blog\/logistyka-w-eccommerce\/niedziela-niehandlowa-a-przesylki-kurierskie\/","url":"https:\/\/www.kurjerzy.pl\/blog\/logistyka-w-eccommerce\/niedziela-niehandlowa-a-przesylki-kurierskie\/","name":"Niedziela niehandlowa, a przesy\u0142ki kurierskie | KurJerzy.pl","isPartOf":{"@id":"https:\/\/www.kurjerzy.pl\/blog\/#website"},"primaryImageOfPage":{"@id":"https:\/\/www.kurjerzy.pl\/blog\/logistyka-w-eccommerce\/niedziela-niehandlowa-a-przesylki-kurierskie\/#primaryimage"},"image":{"@id":"https:\/\/www.kurjerzy.pl\/blog\/logistyka-w-eccommerce\/niedziela-niehandlowa-a-przesylki-kurierskie\/#primaryimage"},"thumbnailUrl":"https:\/\/www.kurjerzy.pl\/blog\/wp-content\/uploads\/2018\/06\/blog_403.jpg","datePublished":"2018-06-22T08:34:45+00:00","dateModified":"2019-12-20T09:59:31+00:00","author":{"@id":"https:\/\/www.kurjerzy.pl\/blog\/#\/schema\/person\/160d97b3f9af9546a6b0ec664a44fb70"},"description":"Niedziela niehandlowa, a przesy\u0142ki kurierskie. Niedziele niehandlowe to temat, kt\u00f3ry w ostatnich miesi\u0105cach pojawia si\u0119 bardzo cz\u0119sto w dyskusjach zar\u00f3wno..","breadcrumb":{"@id":"https:\/\/www.kurjerzy.pl\/blog\/logistyka-w-eccommerce\/niedziela-niehandlowa-a-przesylki-kurierskie\/#breadcrumb"},"inLanguage":"pl-PL","potentialAction":[{"@type":"ReadAction","target":["https:\/\/www.kurjerzy.pl\/blog\/logistyka-w-eccommerce\/niedziela-niehandlowa-a-przesylki-kurierskie\/"]}]},{"@type":"ImageObject","inLanguage":"pl-PL","@id":"https:\/\/www.kurjerzy.pl\/blog\/logistyka-w-eccommerce\/niedziela-niehandlowa-a-przesylki-kurierskie\/#primaryimage","url":"https:\/\/www.kurjerzy.pl\/blog\/wp-content\/uploads\/2018\/06\/blog_403.jpg","contentUrl":"https:\/\/www.kurjerzy.pl\/blog\/wp-content\/uploads\/2018\/06\/blog_403.jpg","width":1024,"height":681,"caption":"niedziela niehandlowa"},{"@type":"BreadcrumbList","@id":"https:\/\/www.kurjerzy.pl\/blog\/logistyka-w-eccommerce\/niedziela-niehandlowa-a-przesylki-kurierskie\/#breadcrumb","itemListElement":[{"@type":"ListItem","position":1,"name":"Strona g\u0142\u00f3wna","item":"https:\/\/www.kurjerzy.pl\/blog\/"},{"@type":"ListItem","position":2,"name":"Niedziela niehandlowa, a przesy\u0142ki kurierskie"}]},{"@type":"WebSite","@id":"https:\/\/www.kurjerzy.pl\/blog\/#website","url":"https:\/\/www.kurjerzy.pl\/blog\/","name":"KurJerzy.pl | Blog KurJerzy.pl","description":"Blog - Przesy\u0142ki i firmy kurierskie","potentialAction":[{"@type":"SearchAction","target":{"@type":"EntryPoint","urlTemplate":"https:\/\/www.kurjerzy.pl\/blog\/?s={search_term_string}"},"query-input":{"@type":"PropertyValueSpecification","valueRequired":true,"valueName":"search_term_string"}}],"inLanguage":"pl-PL"},{"@type":"Person","@id":"https:\/\/www.kurjerzy.pl\/blog\/#\/schema\/person\/160d97b3f9af9546a6b0ec664a44fb70","name":"Katarzyna Dworakowska","image":{"@type":"ImageObject","inLanguage":"pl-PL","@id":"https:\/\/www.kurjerzy.pl\/blog\/#\/schema\/person\/image\/","url":"https:\/\/www.kurjerzy.pl\/blog\/wp-content\/uploads\/2015\/09\/Katarzyna-150x150.jpg","contentUrl":"https:\/\/www.kurjerzy.pl\/blog\/wp-content\/uploads\/2015\/09\/Katarzyna-150x150.jpg","caption":"Katarzyna Dworakowska"},"description":"Od kilku lat pracuj\u0119 w bran\u017cy kurierskiej. Nie s\u0105 mi obce poj\u0119cia i problemy zwi\u0105zane z logistyk\u0105, transportem oraz spedycj\u0105, dlatego b\u0119d\u0119 stara\u0142a si\u0119 je przybli\u017cy\u0107 na tym blogu. Ca\u0142y czas odkrywam nowe tematy, kt\u00f3rymi b\u0119d\u0119 si\u0119 z Wami dzieli\u0142a, zapraszam wi\u0119c do poczytania ciekawostek z bran\u017cy. W wolnych chwilach lubi\u0119 podr\u00f3\u017cowa\u0107 po Polsce i \u015bwiecie, a podczas kr\u00f3tszych wycieczek zwiedza\u0107 okolic\u0119 na rowerze. Mi\u0142o\u015bnikom dw\u00f3ch k\u00f3\u0142ek polecam \u017bu\u0142awy, moje rodzinne tereny.","url":"https:\/\/www.kurjerzy.pl\/blog\/author\/katarzynadworakowska\/"}]}},"_links":{"self":[{"href":"https:\/\/www.kurjerzy.pl\/blog\/wp-json\/wp\/v2\/posts\/10476","targetHints":{"allow":["GET"]}}],"collection":[{"href":"https:\/\/www.kurjerzy.pl\/blog\/wp-json\/wp\/v2\/posts"}],"about":[{"href":"https:\/\/www.kurjerzy.pl\/blog\/wp-json\/wp\/v2\/types\/post"}],"author":[{"embeddable":true,"href":"https:\/\/www.kurjerzy.pl\/blog\/wp-json\/wp\/v2\/users\/3"}],"replies":[{"embeddable":true,"href":"https:\/\/www.kurjerzy.pl\/blog\/wp-json\/wp\/v2\/comments?post=10476"}],"version-history":[{"count":3,"href":"https:\/\/www.kurjerzy.pl\/blog\/wp-json\/wp\/v2\/posts\/10476\/revisions"}],"predecessor-version":[{"id":20512,"href":"https:\/\/www.kurjerzy.pl\/blog\/wp-json\/wp\/v2\/posts\/10476\/revisions\/20512"}],"wp:featuredmedia":[{"embeddable":true,"href":"https:\/\/www.kurjerzy.pl\/blog\/wp-json\/wp\/v2\/media\/10486"}],"wp:attachment":[{"href":"https:\/\/www.kurjerzy.pl\/blog\/wp-json\/wp\/v2\/media?parent=10476"}],"wp:term":[{"taxonomy":"category","embeddable":true,"href":"https:\/\/www.kurjerzy.pl\/blog\/wp-json\/wp\/v2\/categories?post=10476"},{"taxonomy":"post_tag","embeddable":true,"href":"https:\/\/www.kurjerzy.pl\/blog\/wp-json\/wp\/v2\/tags?post=10476"}],"curies":[{"name":"wp","href":"https:\/\/api.w.org\/{rel}","templated":true}]}}